{"id":79523,"date":"2025-04-19T06:48:32","date_gmt":"2025-04-19T12:48:32","guid":{"rendered":"https:\/\/zonaroja.com.mx\/?p=79523"},"modified":"2025-04-19T08:23:00","modified_gmt":"2025-04-19T14:23:00","slug":"detienen-a-chofer-que-atropello-a-individuo-en-istmo-cesan-bloqueo-carretero","status":"publish","type":"post","link":"https:\/\/zonaroja.com.mx\/?p=79523","title":{"rendered":"Detienen a chofer que atropell\u00f3 a individuo en Istmo; cesan bloqueo carretero"},"content":{"rendered":"\n<p>Ismael Garc\u00eda M.\/Zona Roja.<\/p>\n\n\n\n<p>Oaxaca de Ju\u00e1rez, Oax., a 18 de abril de 2025.- A cuatro d\u00edas del percance, la Fiscal\u00eda General del Estado de Oaxaca detuvo a una persona como probable chofer que caus\u00f3 un accidente en la carretera Tehuantepe-Juchit\u00e1n, a la altura al crucero de la localidad de Puente Madera.<\/p>\n\n\n\n<p>Paralelo a ello, anoche culmin\u00f3 el bloqueo a dicho tramo vial, que inici\u00f3 el pasado mi\u00e9rcoles por parte de pobladores y familiares de la v\u00edctima, Obed Espinosa Ramos, quien hasta anoche continuaba hospitalizado debido a la gravedad de las lesiones.<\/p>\n\n\n\n<p>La Fiscal\u00eda General del Estado de Oaxaca confirm\u00f3 la detenci\u00f3n y detall\u00f3 que los hechos ocurrieron el pasado 15 de abril de 2025, en el sitio conocido como Puente de Madera, en la carretera Trans\u00edstmica que comunica a Juchit\u00e1n con Tehuantepec.&nbsp;<\/p>\n\n\n\n<p>En este lugar, perteneciente al municipio de Santo Domingo Tehuantepec, un veh\u00edculo embisti\u00f3 a la v\u00edctima identificada como Obed E. R., persona que result\u00f3 con graves lesiones por las cuales permanece internado, recibiendo atenci\u00f3n m\u00e9dica.&nbsp;<\/p>\n\n\n\n<p>En tanto que el conductor responsable de este accidente huy\u00f3 del lugar de los hechos y posteriormente abandon\u00f3 el veh\u00edculo.&nbsp;<\/p>\n\n\n\n<p>En un comunicado, la Fiscal\u00eda detall\u00f3 que al tener conocimiento del percance, inici\u00f3 las investigaciones correspondientes a trav\u00e9s de la Vicefiscal\u00eda Regional del Istmo, que estableci\u00f3 s\u00f3lidas l\u00edneas de investigaci\u00f3n desde un inicio.&nbsp;<\/p>\n\n\n\n<p>\u201cEn menos de 72 horas, despu\u00e9s de ocurrido el percance, la Fiscal\u00eda de Oaxaca localiz\u00f3 y logr\u00f3 la detenci\u00f3n del probable responsable como parte del proceso de procuraci\u00f3n de justicia a favor de las v\u00edctimas.&nbsp;<\/p>\n\n\n\n<p>\u201cEl detenido qued\u00f3 a disposici\u00f3n del agente del Ministerio P\u00fablico que atiende el caso, para que se determine su situaci\u00f3n jur\u00eddica correspondiente\u201d, expuso.&nbsp;<\/p>\n\n\n\n<p>Desde el pasado mi\u00e9rcoles, pobladores de Puente Madera, localidad perteneciente al municipio de San Blas Atempa, efectuaron un bloqueo a la carretera Juchit\u00e1n-Tehuantepec, a la altura del entronque de acceso, para exigir una atenci\u00f3n m\u00e9dica \u00e1gil as\u00ed como justicia.<\/p>\n","protected":false},"excerpt":{"rendered":"<p>Ismael Garc\u00eda M.\/Zona Roja. Oaxaca de Ju\u00e1rez, Oax., a 18 de abril de 2025.- A&hellip;<\/p>\n","protected":false},"author":2,"featured_media":79524,"comment_status":"closed","ping_status":"open","sticky":false,"template":"","format":"standard","meta":{"_lmt_disableupdate":"","_lmt_disable":"","_jetpack_memberships_contains_paid_content":false,"footnotes":""},"categories":[109,46],"tags":[494],"class_list":["post-79523","post","type-post","status-publish","format-standard","has-post-thumbnail","hentry","category-minuto-a-minuto","category-zona-blanca","tag-fiscalia-general-del-estado-de-oaxaca"],"jetpack_featured_media_url":"https:\/\/zonaroja.com.mx\/wp-content\/uploads\/2025\/04\/Detenido-chofer-atropellado-Puente-Madera.jpg","jetpack_sharing_enabled":true,"_links":{"self":[{"href":"https:\/\/zonaroja.com.mx\/index.php?rest_route=\/wp\/v2\/posts\/79523","targetHints":{"allow":["GET"]}}],"collection":[{"href":"https:\/\/zonaroja.com.mx\/index.php?rest_route=\/wp\/v2\/posts"}],"about":[{"href":"https:\/\/zonaroja.com.mx\/index.php?rest_route=\/wp\/v2\/types\/post"}],"author":[{"embeddable":true,"href":"https:\/\/zonaroja.com.mx\/index.php?rest_route=\/wp\/v2\/users\/2"}],"replies":[{"embeddable":true,"href":"https:\/\/zonaroja.com.mx\/index.php?rest_route=%2Fwp%2Fv2%2Fcomments&post=79523"}],"version-history":[{"count":3,"href":"https:\/\/zonaroja.com.mx\/index.php?rest_route=\/wp\/v2\/posts\/79523\/revisions"}],"predecessor-version":[{"id":79543,"href":"https:\/\/zonaroja.com.mx\/index.php?rest_route=\/wp\/v2\/posts\/79523\/revisions\/79543"}],"wp:featuredmedia":[{"embeddable":true,"href":"https:\/\/zonaroja.com.mx\/index.php?rest_route=\/wp\/v2\/media\/79524"}],"wp:attachment":[{"href":"https:\/\/zonaroja.com.mx\/index.php?rest_route=%2Fwp%2Fv2%2Fmedia&parent=79523"}],"wp:term":[{"taxonomy":"category","embeddable":true,"href":"https:\/\/zonaroja.com.mx\/index.php?rest_route=%2Fwp%2Fv2%2Fcategories&post=79523"},{"taxonomy":"post_tag","embeddable":true,"href":"https:\/\/zonaroja.com.mx\/index.php?rest_route=%2Fwp%2Fv2%2Ftags&post=79523"}],"curies":[{"name":"wp","href":"https:\/\/api.w.org\/{rel}","templated":true}]}}