{"id":7953,"date":"2020-01-22T20:54:04","date_gmt":"2020-01-23T02:54:04","guid":{"rendered":"http:\/\/www.zonaroja.com.mx\/?p=7953"},"modified":"2020-01-22T20:54:11","modified_gmt":"2020-01-23T02:54:11","slug":"reconoce-amlo-cuenca-la-region-mas-violenta-de-oaxaca","status":"publish","type":"post","link":"https:\/\/zonaroja.com.mx\/?p=7953","title":{"rendered":"Reconoce AMLO: Cuenca, la regi\u00f3n m\u00e1s violenta de Oaxaca"},"content":{"rendered":"\n<p>Yuridiana\nSosa\/Zona Roja.<\/p>\n\n\n\n<p>Oaxaca de\nJu\u00e1rez, Oax., 22 de enero de 2020.- La acumulaci\u00f3n de diversos hechos violentos\nen la regi\u00f3n ubicada norte de Oaxaca, y en la que incluso ha colocado a\nmunicipios como San Juan Bautista Tuxtepec como los m\u00e1s violentos a nivel\nnacional, fue reconocida por el presidente de M\u00e9xico, Andr\u00e9s Manuel L\u00f3pez\nObrador.<\/p>\n\n\n\n<p>Durante la\nconferencia \u201cma\u00f1anera\u201d de este mi\u00e9rcoles, el mandatario nacional sostuvo que la\nregi\u00f3n de la Cuenca del Papaloapan, en Oaxaca, es donde existen \u201cm\u00e1s problemas\nde inseguridad y violencia\u201d.<\/p>\n\n\n\n<p>L\u00f3pez\nObrador, quien el pasado fin de semana estuvo en Oaxaca en su primera gira de\ntrabajo del 2020 por la entidad y de donde se dice ya es avecindado, especific\u00f3\na nivel nacional que la parte norte de Oaxaca es \u201cb\u00e1sicamente\u201d donde se centran\nlos temas de la violencia.<\/p>\n\n\n\n<p>\u201cNo es,\nafortunadamente, todo el estado, es esa regi\u00f3n donde hay m\u00e1s incidencia\ndelictiva, incluso de autoridades\u201d, reafirm\u00f3 en relaci\u00f3n al asesinato del edil\ny s\u00edndico de Jalapa de D\u00edaz, Arturo Garc\u00eda y Javier Terrero, respectivamente,\nas\u00ed como del subdirector de Servicios Periciales de la Fiscal\u00eda General de\nOaxaca.<\/p>\n\n\n\n<p>Sin precisar\nlos mecanismos que el gobierno federal realiza para abatir esos \u00edndices, el\npresidente dijo que ese problema ya se atiende.<\/p>\n\n\n\n<p>Es en la\nregi\u00f3n de la Cuenca donde la Fiscal\u00eda General del Estado junto con la Guardia\nNacional localizaron siete fosas clandestinas con restos humanos en el destino\n\u201cMil Islas\u201d, de la presa Miguel Alem\u00e1n, en jurisdicci\u00f3n de San Pedro Ixcatl\u00e1n.<\/p>\n\n\n\n<p>Adem\u00e1s, San\nJuan Bautista Tuxtepec tambi\u00e9n ha sobresalido en los reportes del Secretariado\nEjecutivo del Sistema Nacional de Seguridad P\u00fablica (SESNSP) por sus altos\n\u00edndices delictivos, principalmente por homicidios dolosos.<\/p>\n","protected":false},"excerpt":{"rendered":"<p>Yuridiana Sosa\/Zona Roja. Oaxaca de Ju\u00e1rez, Oax., 22 de enero de 2020.- La acumulaci\u00f3n de&hellip;<\/p>\n","protected":false},"author":2,"featured_media":7954,"comment_status":"closed","ping_status":"open","sticky":false,"template":"","format":"standard","meta":{"_lmt_disableupdate":"","_lmt_disable":"","_jetpack_memberships_contains_paid_content":false,"footnotes":""},"categories":[109,51],"tags":[143,98],"class_list":["post-7953","post","type-post","status-publish","format-standard","has-post-thumbnail","hentry","category-minuto-a-minuto","category-zona-roja","tag-andres-manuel-lopez-obrador","tag-cuenca-del-papaloapan"],"jetpack_featured_media_url":"https:\/\/zonaroja.com.mx\/wp-content\/uploads\/2020\/01\/Cuenca-del-Papaloapan.jpg","jetpack_sharing_enabled":true,"_links":{"self":[{"href":"https:\/\/zonaroja.com.mx\/index.php?rest_route=\/wp\/v2\/posts\/7953","targetHints":{"allow":["GET"]}}],"collection":[{"href":"https:\/\/zonaroja.com.mx\/index.php?rest_route=\/wp\/v2\/posts"}],"about":[{"href":"https:\/\/zonaroja.com.mx\/index.php?rest_route=\/wp\/v2\/types\/post"}],"author":[{"embeddable":true,"href":"https:\/\/zonaroja.com.mx\/index.php?rest_route=\/wp\/v2\/users\/2"}],"replies":[{"embeddable":true,"href":"https:\/\/zonaroja.com.mx\/index.php?rest_route=%2Fwp%2Fv2%2Fcomments&post=7953"}],"version-history":[{"count":1,"href":"https:\/\/zonaroja.com.mx\/index.php?rest_route=\/wp\/v2\/posts\/7953\/revisions"}],"predecessor-version":[{"id":7955,"href":"https:\/\/zonaroja.com.mx\/index.php?rest_route=\/wp\/v2\/posts\/7953\/revisions\/7955"}],"wp:featuredmedia":[{"embeddable":true,"href":"https:\/\/zonaroja.com.mx\/index.php?rest_route=\/wp\/v2\/media\/7954"}],"wp:attachment":[{"href":"https:\/\/zonaroja.com.mx\/index.php?rest_route=%2Fwp%2Fv2%2Fmedia&parent=7953"}],"wp:term":[{"taxonomy":"category","embeddable":true,"href":"https:\/\/zonaroja.com.mx\/index.php?rest_route=%2Fwp%2Fv2%2Fcategories&post=7953"},{"taxonomy":"post_tag","embeddable":true,"href":"https:\/\/zonaroja.com.mx\/index.php?rest_route=%2Fwp%2Fv2%2Ftags&post=7953"}],"curies":[{"name":"wp","href":"https:\/\/api.w.org\/{rel}","templated":true}]}}