{"id":79531,"date":"2025-04-19T10:24:00","date_gmt":"2025-04-19T16:24:00","guid":{"rendered":"https:\/\/zonaroja.com.mx\/?p=79531"},"modified":"2025-04-19T07:26:10","modified_gmt":"2025-04-19T13:26:10","slug":"en-medio-de-un-proceso-irregular-dan-30-anos-de-prision-a-activista-oaxaqueno","status":"publish","type":"post","link":"https:\/\/zonaroja.com.mx\/?p=79531","title":{"rendered":"En medio de un proceso irregular, dan 30 a\u00f1os de prisi\u00f3n a activista oaxaque\u00f1o"},"content":{"rendered":"\n<p>Redacci\u00f3n\/Estado 20.<\/p>\n\n\n\n<p>Oaxaca de Ju\u00e1rez, Oax., a 19 de abril de 2025.- El defensor ambiental zapoteco Pablo L\u00f3pez Alavez fue sentenciado a 30 a\u00f1os de prisi\u00f3n y al pago de una reparaci\u00f3n de da\u00f1o por la cantidad de 112 mil 812 pesos, por el delito de homicidio calificado.<\/p>\n\n\n\n<p>En una carta dirigida al EZLN y al Congreso Nacional Ind\u00edgena (CNI), el activista inform\u00f3 que la audiencia final se realiz\u00f3 en el Juzgado de Tanivet, donde una jueza le dict\u00f3 sentencia, y afirm\u00f3 que no fueron tomadas en cuenta todas las irregularidades existentes en su caso y en el expediente.<\/p>\n\n\n\n<p>Pablo L\u00f3pez se encuentra recluido en el centro penitenciario n\u00famero 2 de la Villa de Etla, municipio de la regi\u00f3n Valles Centrales de Oaxaca, y la audiencia final se celebr\u00f3 el pasado 6 de marzo de 2025.<\/p>\n\n\n\n<p>\u201cHoy quiero decirles compa\u00f1eros, agradecerles por todo el esfuerzo que han hecho por mi libertad, el Gobierno del Estado de Oaxaca siempre hace de o\u00eddos sordos\u201d, expres\u00f3.<\/p>\n\n\n\n<p>El activista ambiental, al momento de su condena, cumpli\u00f3 m\u00e1s de 14 a\u00f1os en prisi\u00f3n preventiva sin sentencia. Fue detenido en las cercan\u00edas del R\u00edo Virgen en su comunidad, San Isidro Aloapam en la Sierra Norte de Oaxaca, y se le imputa el delito de homicidio; es considerado una persona defensora del bosque por oponerse a la tala ilegal de \u00e1rboles.<\/p>\n\n\n\n<p>En el informe internacional \u201cAn\u00e1lisis del Debido Proceso en la Criminalizaci\u00f3n del Defensor Ind\u00edgena\u201d elaborado por American Bar Association se se\u00f1ala la detenci\u00f3n arbitraria de Pablo L\u00f3pez, la prisi\u00f3n preventiva injustificada, que no se le permiti\u00f3 su derecho a ser escuchado por un Tribunal competente independiente e imparcial y el derecho a una investigaci\u00f3n judicial efectiva.<\/p>\n\n\n\n<p>Adem\u00e1s, asegura que, en repetidas ocasiones, los tribunales no le han proporcionado un an\u00e1lisis jur\u00eddico adecuado ni imparcialidad con arreglo al derecho internacional y nacional. E insiste en que las decisiones judiciales han aceptado los testimonios de cargo que eran inconsistentes y contradictorios, que no mencionaban a Pablo L\u00f3pez, o que eran recitaciones palabra por palabra.<\/p>\n\n\n\n<p>American Bar Association advierte que se encontraron contradicciones clave en algunos documentos, en diligencias y testimonios, que han mantenido por 14 a\u00f1os en prisi\u00f3n sin sentencia al defensor oaxaque\u00f1o.<\/p>\n\n\n\n<p>Y en algunos de estos documentos y testimonios, sostiene que parecen ser hasta plagiados porque la descripci\u00f3n es la misma, palabra por palabra. Seg\u00fan la investigaci\u00f3n, a trav\u00e9s de un an\u00e1lisis con una m\u00e1quina que hace las pruebas de plagio, result\u00f3 que dos de los testimonios fueron iguales; otros salieron con 60 por ciento de igualdad.<\/p>\n\n\n\n<p>\u201cEsto lo hizo el exgobernador Ulises Ruiz Ortiz con el municipio de San Miguel Aloapam, con el prop\u00f3sito de intimidar a mi comunidad San Isidro Aloapam, ya no seguir hablando en defensa de la naturaleza, por la tala sin medida que hace San Miguel Aloapam\u201d, manifest\u00f3 Pablo Alavez en su carta.<\/p>\n\n\n\n<p>Por \u00faltimo, pidi\u00f3 el apoyo \u201cpara solicitar mi libertad inmediata ya que, desde el 15 de agosto del 2010, hasta la fecha me encuentro privado de mi libertad\u201d.<\/p>\n","protected":false},"excerpt":{"rendered":"<p>Redacci\u00f3n\/Estado 20. Oaxaca de Ju\u00e1rez, Oax., a 19 de abril de 2025.- El defensor ambiental&hellip;<\/p>\n","protected":false},"author":2,"featured_media":79532,"comment_status":"closed","ping_status":"open","sticky":false,"template":"","format":"standard","meta":{"_lmt_disableupdate":"","_lmt_disable":"","_jetpack_memberships_contains_paid_content":false,"footnotes":""},"categories":[109,47],"tags":[4280],"class_list":["post-79531","post","type-post","status-publish","format-standard","has-post-thumbnail","hentry","category-minuto-a-minuto","category-zona-gris","tag-pablo-lopez-alavez"],"jetpack_featured_media_url":"https:\/\/zonaroja.com.mx\/wp-content\/uploads\/2025\/04\/Pablo-Loopez-Alavez.jpeg","jetpack_sharing_enabled":true,"_links":{"self":[{"href":"https:\/\/zonaroja.com.mx\/index.php?rest_route=\/wp\/v2\/posts\/79531","targetHints":{"allow":["GET"]}}],"collection":[{"href":"https:\/\/zonaroja.com.mx\/index.php?rest_route=\/wp\/v2\/posts"}],"about":[{"href":"https:\/\/zonaroja.com.mx\/index.php?rest_route=\/wp\/v2\/types\/post"}],"author":[{"embeddable":true,"href":"https:\/\/zonaroja.com.mx\/index.php?rest_route=\/wp\/v2\/users\/2"}],"replies":[{"embeddable":true,"href":"https:\/\/zonaroja.com.mx\/index.php?rest_route=%2Fwp%2Fv2%2Fcomments&post=79531"}],"version-history":[{"count":1,"href":"https:\/\/zonaroja.com.mx\/index.php?rest_route=\/wp\/v2\/posts\/79531\/revisions"}],"predecessor-version":[{"id":79533,"href":"https:\/\/zonaroja.com.mx\/index.php?rest_route=\/wp\/v2\/posts\/79531\/revisions\/79533"}],"wp:featuredmedia":[{"embeddable":true,"href":"https:\/\/zonaroja.com.mx\/index.php?rest_route=\/wp\/v2\/media\/79532"}],"wp:attachment":[{"href":"https:\/\/zonaroja.com.mx\/index.php?rest_route=%2Fwp%2Fv2%2Fmedia&parent=79531"}],"wp:term":[{"taxonomy":"category","embeddable":true,"href":"https:\/\/zonaroja.com.mx\/index.php?rest_route=%2Fwp%2Fv2%2Fcategories&post=79531"},{"taxonomy":"post_tag","embeddable":true,"href":"https:\/\/zonaroja.com.mx\/index.php?rest_route=%2Fwp%2Fv2%2Ftags&post=79531"}],"curies":[{"name":"wp","href":"https:\/\/api.w.org\/{rel}","templated":true}]}}