{"id":79534,"date":"2025-04-19T11:26:00","date_gmt":"2025-04-19T17:26:00","guid":{"rendered":"https:\/\/zonaroja.com.mx\/?p=79534"},"modified":"2025-04-19T07:30:39","modified_gmt":"2025-04-19T13:30:39","slug":"vive-acapulco-semana-santa-violenta-y-criminal","status":"publish","type":"post","link":"https:\/\/zonaroja.com.mx\/?p=79534","title":{"rendered":"Vive Acapulco Semana Santa violenta y criminal"},"content":{"rendered":"\n<p>Redacci\u00f3n\/Zona Roja Cdmx. Foto: Quadrat\u00edn Guerrero<\/p>\n\n\n\n<p>Ciudad de M\u00e9xico, a 19 de abril de 2025.- La violencia en el Puerto de Acapulco, Guerrero, no frena ni en vacaciones de Semana Santa. Una camioneta de transporte p\u00fablico fue incendiada durante la ma\u00f1ana de este viernes y un l\u00edder campesino fue atacado a tiros por la noche.<\/p>\n\n\n\n<p>De acuerdo con medios locales, sujetos armados robaron y quemaron una camioneta Urvan de la ruta San Isidro-Centro de Acapulco.<\/p>\n\n\n\n<p>Los ataques del crimen organizado contra transportistas son cada vez m\u00e1s constantes, el martes 15 de abril dos taxistas fueron asesinados. Los dos d\u00edas consecuentes 2 conductores m\u00e1s fueron atacados, al tiempo que incendiaron el mismo n\u00famero de camionetas Urvan de pasajeros.<\/p>\n\n\n\n<p>Seg\u00fan la revista Proceso, del lunes al jueves se han registrado 17 asesinatos en este destino tur\u00edstico. El medio indic\u00f3 que suman 27 asesinatos contra taxistas y choferes de combi en lo que va de 2025.<\/p>\n\n\n\n<p>En tanto, la tarde de este 18 de abril, el activista y vocero del Consejo de Ejidos y Comunidades Opositoras a la presa La Parota (Cecop), Marco Antonio Su\u00e1stegui Mu\u00f1oz, fue herido a balazos en una playa de Acapulco, Guerrero.<\/p>\n\n\n\n<p>De acuerdo con los primeros reportes, los hechos se registraron en el condominio Mallorca, cerca de playa Icacos.<\/p>\n\n\n\n<p>Medios locales aseguraron que el tambi\u00e9n integrante de la asociaci\u00f3n de Turisteros Unidos en Defensa de la Playa Icacoc (Tuderpi) fue trasladado bajo un fuerte dispositivo de seguridad a un hospital para su atenci\u00f3n m\u00e9dica.<\/p>\n\n\n\n<p>La Fiscal\u00eda General del Estado de Guerrero (FGE Guerrero) inform\u00f3 que inici\u00f3 una carpeta de investigaci\u00f3n por el ataque contra e Marco Antonio \u201cN\u201d, en la colonia Icacos del puerto de Acapulco.<\/p>\n\n\n\n<p>\u201cElementos de la Polic\u00eda Investigadora Ministerial llevan a cabo las primeras diligencias, entre ellas la localizaci\u00f3n y entrevista de posibles testigos, as\u00ed como la b\u00fasqueda de c\u00e1maras de videovigilancia p\u00fablicas y privadas que hayan registrado los hechos\u201d, indic\u00f3 el Ministerio P\u00fablico local sin dar a conocer detalles del estado de salud del activista.<\/p>\n\n\n\n<p>La alcaldesa de Acapulco, Abelina L\u00f3pez Rodr\u00edguez, evit\u00f3 hablar el pasado mi\u00e9rcoles de los hechos de violencia en la ciudad y se limit\u00f3 a invitar a la poblaci\u00f3n a participar en el tradicional desfile del Jolgorio de Acapulco el 16 de abril.<\/p>\n\n\n\n<p>\u201cYo voy hablar del Jolgorio, vengan a divertirse\u201d, dijo la presidenta municipal ante las preguntas de reporteros sobre la ola de violencia en la ciudad.<\/p>\n\n\n\n<p>(Informaci\u00f3n de Infobae M\u00e9xico)<\/p>\n","protected":false},"excerpt":{"rendered":"<p>Redacci\u00f3n\/Zona Roja Cdmx. Foto: Quadrat\u00edn Guerrero Ciudad de M\u00e9xico, a 19 de abril de 2025.-&hellip;<\/p>\n","protected":false},"author":2,"featured_media":79535,"comment_status":"closed","ping_status":"open","sticky":false,"template":"","format":"standard","meta":{"_lmt_disableupdate":"","_lmt_disable":"","_jetpack_memberships_contains_paid_content":false,"footnotes":""},"categories":[109],"tags":[3387],"class_list":["post-79534","post","type-post","status-publish","format-standard","has-post-thumbnail","hentry","category-minuto-a-minuto","tag-acapulco-guerrero"],"jetpack_featured_media_url":"https:\/\/zonaroja.com.mx\/wp-content\/uploads\/2025\/04\/Incendio-Urvan-Acapulco.jpg","jetpack_sharing_enabled":true,"_links":{"self":[{"href":"https:\/\/zonaroja.com.mx\/index.php?rest_route=\/wp\/v2\/posts\/79534","targetHints":{"allow":["GET"]}}],"collection":[{"href":"https:\/\/zonaroja.com.mx\/index.php?rest_route=\/wp\/v2\/posts"}],"about":[{"href":"https:\/\/zonaroja.com.mx\/index.php?rest_route=\/wp\/v2\/types\/post"}],"author":[{"embeddable":true,"href":"https:\/\/zonaroja.com.mx\/index.php?rest_route=\/wp\/v2\/users\/2"}],"replies":[{"embeddable":true,"href":"https:\/\/zonaroja.com.mx\/index.php?rest_route=%2Fwp%2Fv2%2Fcomments&post=79534"}],"version-history":[{"count":1,"href":"https:\/\/zonaroja.com.mx\/index.php?rest_route=\/wp\/v2\/posts\/79534\/revisions"}],"predecessor-version":[{"id":79536,"href":"https:\/\/zonaroja.com.mx\/index.php?rest_route=\/wp\/v2\/posts\/79534\/revisions\/79536"}],"wp:featuredmedia":[{"embeddable":true,"href":"https:\/\/zonaroja.com.mx\/index.php?rest_route=\/wp\/v2\/media\/79535"}],"wp:attachment":[{"href":"https:\/\/zonaroja.com.mx\/index.php?rest_route=%2Fwp%2Fv2%2Fmedia&parent=79534"}],"wp:term":[{"taxonomy":"category","embeddable":true,"href":"https:\/\/zonaroja.com.mx\/index.php?rest_route=%2Fwp%2Fv2%2Fcategories&post=79534"},{"taxonomy":"post_tag","embeddable":true,"href":"https:\/\/zonaroja.com.mx\/index.php?rest_route=%2Fwp%2Fv2%2Ftags&post=79534"}],"curies":[{"name":"wp","href":"https:\/\/api.w.org\/{rel}","templated":true}]}}