{"id":79547,"date":"2025-04-19T19:17:45","date_gmt":"2025-04-20T01:17:45","guid":{"rendered":"https:\/\/zonaroja.com.mx\/?p=79547"},"modified":"2025-04-19T19:17:47","modified_gmt":"2025-04-20T01:17:47","slug":"otro-hecho-violento-en-pinotepa-nacional-ahora-con-adolescente-herida-de-bala","status":"publish","type":"post","link":"https:\/\/zonaroja.com.mx\/?p=79547","title":{"rendered":"Otro hecho violento en Pinotepa Nacional, ahora con adolescente herida de bala"},"content":{"rendered":"\n<p>Redacci\u00f3n\/Zona Roja.<\/p>\n\n\n\n<p>Oaxaca de Ju\u00e1rez, Oax. 19 de abril de 2025.- Un segundo hecho violento ocurri\u00f3 este s\u00e1bado en Santiago Pinotepa Nacional, ahora con saldo de una adolescente lesionada de bala.<\/p>\n\n\n\n<p>El gobierno de Oaxaca confirm\u00f3 que en atenci\u00f3n al reporte recibido por el Centro de Control y Comando(C2) regional, elementos de la Polic\u00eda Estatal detuvieron a un masculino acusado de herir a una menor de 14 a\u00f1os de edad, tras realizar detonaciones de arma de fuego en contra de sus familiares.<\/p>\n\n\n\n<p>Los agentes estatales en coordinaci\u00f3n con la Guardia Nacional (GN), Secretar\u00eda de la Defensa Nacional (Defensa), Secretar\u00eda de Marina (Semar) y la Polic\u00eda Municipal, acudieron al domicilio ubicado en la calle Novena Poniente con 35 Sur en Santiago Pinotepa Nacional, en donde se reportaron estos hechos.<\/p>\n\n\n\n<p>Se trata de M. C. C. A. de 48 a\u00f1os, quien fue se\u00f1alado como el responsable de accionar el arma de fuego en contra de sus familiares, a quienes amenaz\u00f3 con privarles de la vida para despu\u00e9s intentar darse a la fuga a bordo de un autom\u00f3vil.<\/p>\n\n\n\n<p>Adem\u00e1s, fue asegurado el veh\u00edculo marca Nissan, color blanco, placas TJD393A del estado de Oaxaca, para los efectos legales correspondientes.&nbsp;<\/p>\n\n\n\n<p>En tanto, la menor de edad lesionada fue atendida de manera inmediata por personal param\u00e9dico de Protecci\u00f3n Civil.&nbsp;<\/p>\n","protected":false},"excerpt":{"rendered":"<p>Redacci\u00f3n\/Zona Roja. Oaxaca de Ju\u00e1rez, Oax. 19 de abril de 2025.- Un segundo hecho violento&hellip;<\/p>\n","protected":false},"author":2,"featured_media":79548,"comment_status":"closed","ping_status":"open","sticky":false,"template":"","format":"standard","meta":{"_lmt_disableupdate":"","_lmt_disable":"","_jetpack_memberships_contains_paid_content":false,"footnotes":""},"categories":[109,47],"tags":[916],"class_list":["post-79547","post","type-post","status-publish","format-standard","has-post-thumbnail","hentry","category-minuto-a-minuto","category-zona-gris","tag-pinotepa-nacional"],"jetpack_featured_media_url":"https:\/\/zonaroja.com.mx\/wp-content\/uploads\/2025\/04\/Detenido-Pinotepa-Nacional.jpeg","jetpack_sharing_enabled":true,"_links":{"self":[{"href":"https:\/\/zonaroja.com.mx\/index.php?rest_route=\/wp\/v2\/posts\/79547","targetHints":{"allow":["GET"]}}],"collection":[{"href":"https:\/\/zonaroja.com.mx\/index.php?rest_route=\/wp\/v2\/posts"}],"about":[{"href":"https:\/\/zonaroja.com.mx\/index.php?rest_route=\/wp\/v2\/types\/post"}],"author":[{"embeddable":true,"href":"https:\/\/zonaroja.com.mx\/index.php?rest_route=\/wp\/v2\/users\/2"}],"replies":[{"embeddable":true,"href":"https:\/\/zonaroja.com.mx\/index.php?rest_route=%2Fwp%2Fv2%2Fcomments&post=79547"}],"version-history":[{"count":1,"href":"https:\/\/zonaroja.com.mx\/index.php?rest_route=\/wp\/v2\/posts\/79547\/revisions"}],"predecessor-version":[{"id":79549,"href":"https:\/\/zonaroja.com.mx\/index.php?rest_route=\/wp\/v2\/posts\/79547\/revisions\/79549"}],"wp:featuredmedia":[{"embeddable":true,"href":"https:\/\/zonaroja.com.mx\/index.php?rest_route=\/wp\/v2\/media\/79548"}],"wp:attachment":[{"href":"https:\/\/zonaroja.com.mx\/index.php?rest_route=%2Fwp%2Fv2%2Fmedia&parent=79547"}],"wp:term":[{"taxonomy":"category","embeddable":true,"href":"https:\/\/zonaroja.com.mx\/index.php?rest_route=%2Fwp%2Fv2%2Fcategories&post=79547"},{"taxonomy":"post_tag","embeddable":true,"href":"https:\/\/zonaroja.com.mx\/index.php?rest_route=%2Fwp%2Fv2%2Ftags&post=79547"}],"curies":[{"name":"wp","href":"https:\/\/api.w.org\/{rel}","templated":true}]}}