{"id":79553,"date":"2025-04-20T08:45:00","date_gmt":"2025-04-20T14:45:00","guid":{"rendered":"https:\/\/zonaroja.com.mx\/?p=79553"},"modified":"2025-04-20T07:02:55","modified_gmt":"2025-04-20T13:02:55","slug":"inicia-hoy-en-oaxaca-el-festival-primavera-rodolfo-morales","status":"publish","type":"post","link":"https:\/\/zonaroja.com.mx\/?p=79553","title":{"rendered":"Inicia hoy en Oaxaca el Festival Primavera \u201cRodolfo Morales\u201d"},"content":{"rendered":"\n<p>Redacci\u00f3n\/Zona Roja.<\/p>\n\n\n\n<p>Oaxaca de Ju\u00e1rez, Oax., a 20 de abril de 2025.- Con el concierto dominical de la Banda de M\u00fasica del Estado, a cargo de su director titular, Julio Huantes Teodocio, este domingo 20 de abril iniciar\u00e1 el Festival de Primavera \u201cRodolfo Morales\u201d.<\/p>\n\n\n\n<p>La Secretar\u00eda de las Culturas y Artes (Seculta), invita a disfrutar de esta presentaci\u00f3n en la Alameda de Le\u00f3n, a partir de las 12:00 horas.<\/p>\n\n\n\n<p>Posteriormente, a las 13:00 horas, se inaugurar\u00e1 la exposici\u00f3n fotogr\u00e1fica: Ciudad de Oaxaca, Vida y Arquitectura en el Museo de los Pintores Oaxaque\u00f1os (Mupo), ubicado en avenida Independencia n\u00famero 607. Esta exposici\u00f3n se realiza con el apoyo del Centro Fotogr\u00e1fico Manuel \u00c1lvarez Bravo.<\/p>\n\n\n\n<p>As\u00ed mismo, se llevar\u00e1 a cabo el taller de impresi\u00f3n en forma de tatuaje sobre extremidades del cuerpo humano, a cargo del serigrafista Carlos Eduardo Hern\u00e1ndez, en el recinto cultural del parque \u201cPrimavera\u201d, en un horario de 12:00 a 14:00 horas.<\/p>\n\n\n\n<p>De manera simult\u00e1nea, en el mismo espacio, se impartir\u00e1 el taller de cer\u00e1mica: Creaci\u00f3n de collares prehisp\u00e1nicos, a cargo del artista pl\u00e1stico Luis Garc\u00eda Lalo, el cual busca demostrar las t\u00e9cnicas que se ocupaban en la cultura zapoteca para la realizaci\u00f3n de collares.<\/p>\n\n\n\n<p>Otra actividad cultural incluida en este primer d\u00eda del Festival, es la presentaci\u00f3n del Grupo de danza folcl\u00f3rica de adultos mayores \u201cGuedabi\u2019chi y el grupo \u201cYet\u00famp\u201d, en la cancha de la agencia de Cinco Se\u00f1ores, conocido como Los Conos, de 17:00 a 19:00 horas.<\/p>\n\n\n\n<p>Este primer d\u00eda de actividades cerrar\u00e1 con la presentaci\u00f3n del concierto oaxaque\u00f1o con \u00f3rgano hist\u00f3rico, el Coro de la Ciudad y la maestra Cecilia Winter, en la Bas\u00edlica de Nuestra Se\u00f1ora de la Soledad, en un horario de 19:00 a 20:00 horas.<\/p>\n\n\n\n<p>Todas las actividades del Festival Primavera Rodolfo Morales son gratuitas, y se realizan del 20 al 30 de abril en conmemoraci\u00f3n del artista oaxaque\u00f1o, y en el marco del aniversario 493 de la ciudad de Oaxaca.<\/p>\n\n\n\n<p>El Festival Primavera \u201cRodolfo Morales\u201d se realiza en honor a la filantrop\u00eda y preocupaci\u00f3n por el patrimonio cultural que siempre demostr\u00f3 este gran artista oaxaque\u00f1o, por lo cual se organizaron actividades en espacios culturales de Oaxaca de Ju\u00e1rez y Ocotl\u00e1n de Morelos de donde era originario el maestro.<\/p>\n\n\n\n<p>Todas las actividades se anunciar\u00e1n en las redes sociales del Gobierno del Estado, Seculta y el Municipio de Oaxaca de Ju\u00e1rez. Para mayor informaci\u00f3n se puede consultar la cartelera en la p\u00e1gina oficial del festival: https:\/\/www.festivaldeprimaverarodolfomorales.com.mx.<\/p>\n","protected":false},"excerpt":{"rendered":"<p>Redacci\u00f3n\/Zona Roja. Oaxaca de Ju\u00e1rez, Oax., a 20 de abril de 2025.- Con el concierto&hellip;<\/p>\n","protected":false},"author":2,"featured_media":79554,"comment_status":"closed","ping_status":"open","sticky":false,"template":"","format":"standard","meta":{"_lmt_disableupdate":"","_lmt_disable":"","_jetpack_memberships_contains_paid_content":false,"footnotes":""},"categories":[109,46],"tags":[4282,3368],"class_list":["post-79553","post","type-post","status-publish","format-standard","has-post-thumbnail","hentry","category-minuto-a-minuto","category-zona-blanca","tag-festival-de-primavera-rodolfo-morales","tag-secretaria-de-las-culturas-seculta"],"jetpack_featured_media_url":"https:\/\/zonaroja.com.mx\/wp-content\/uploads\/2025\/04\/Festival-de-Primavera-Rodolfo-Morales.jpg","jetpack_sharing_enabled":true,"_links":{"self":[{"href":"https:\/\/zonaroja.com.mx\/index.php?rest_route=\/wp\/v2\/posts\/79553","targetHints":{"allow":["GET"]}}],"collection":[{"href":"https:\/\/zonaroja.com.mx\/index.php?rest_route=\/wp\/v2\/posts"}],"about":[{"href":"https:\/\/zonaroja.com.mx\/index.php?rest_route=\/wp\/v2\/types\/post"}],"author":[{"embeddable":true,"href":"https:\/\/zonaroja.com.mx\/index.php?rest_route=\/wp\/v2\/users\/2"}],"replies":[{"embeddable":true,"href":"https:\/\/zonaroja.com.mx\/index.php?rest_route=%2Fwp%2Fv2%2Fcomments&post=79553"}],"version-history":[{"count":1,"href":"https:\/\/zonaroja.com.mx\/index.php?rest_route=\/wp\/v2\/posts\/79553\/revisions"}],"predecessor-version":[{"id":79555,"href":"https:\/\/zonaroja.com.mx\/index.php?rest_route=\/wp\/v2\/posts\/79553\/revisions\/79555"}],"wp:featuredmedia":[{"embeddable":true,"href":"https:\/\/zonaroja.com.mx\/index.php?rest_route=\/wp\/v2\/media\/79554"}],"wp:attachment":[{"href":"https:\/\/zonaroja.com.mx\/index.php?rest_route=%2Fwp%2Fv2%2Fmedia&parent=79553"}],"wp:term":[{"taxonomy":"category","embeddable":true,"href":"https:\/\/zonaroja.com.mx\/index.php?rest_route=%2Fwp%2Fv2%2Fcategories&post=79553"},{"taxonomy":"post_tag","embeddable":true,"href":"https:\/\/zonaroja.com.mx\/index.php?rest_route=%2Fwp%2Fv2%2Ftags&post=79553"}],"curies":[{"name":"wp","href":"https:\/\/api.w.org\/{rel}","templated":true}]}}