{"id":79556,"date":"2025-04-20T09:45:00","date_gmt":"2025-04-20T15:45:00","guid":{"rendered":"https:\/\/zonaroja.com.mx\/?p=79556"},"modified":"2025-04-20T07:19:40","modified_gmt":"2025-04-20T13:19:40","slug":"asesinan-a-dos-individuo-en-cacahuateoec-y-a-otro-en-ixhuatan","status":"publish","type":"post","link":"https:\/\/zonaroja.com.mx\/?p=79556","title":{"rendered":"Asesinan a dos individuo en Cacahuateoec y a otro en Ixhuat\u00e1n"},"content":{"rendered":"\n<p>Ismael Garc\u00eda M.\/Zona Roja.<\/p>\n\n\n\n<p>Oaxaca de Ju\u00e1rez, Oax., a 20 de abril de 2025.- Otras tres personas fueron asesinadas en el transcurso de ayer s\u00e1bado en el estado de Oaxaca.<\/p>\n\n\n\n<p>Dos cr\u00edmenes se cometieron en la localidad de San Antonio Ocotl\u00e1n, localidad perteneciente al municipio de San Juan Cacahuatepec, en la regi\u00f3n de la Costa.<\/p>\n\n\n\n<p>Las v\u00edctimas a\u00fan no han sido identificadas y la Vicefiscal\u00eda Regional de la Costa indaga los hechos, con la finalidad de dar con los responsables del doble homicidio.<\/p>\n\n\n\n<p>Otro asesinato se confirm\u00f3 ayer en el municipio de San Francisco Ixhuat\u00e1n, regi\u00f3n del Istmo de Tehuantepec.<\/p>\n\n\n\n<p>El cuerpo del hoy occiso presentaba varios impactos de arma de fuego; fue identificado como C\u00e1ndido C. J., de 39 a\u00f1os de edad, y fue ultimado en la localidad de Aguachil, durante una fiesta popular.<\/p>\n\n\n\n<p>Hasta el momento no hay reporte de personas detenidas sobre este caso y pese a que hubo varios testigos del crimen, la polic\u00eda municipal no logr\u00f3 detener al presunto criminal.<\/p>\n\n\n\n<p>Por otra parte, anoche en el fraccionamiento El Pitayal, al menos dos sujetos armados asaltaron un local de alimentos.<\/p>\n\n\n\n<p>Tras amagar con armas de fuego a los empleados y a los comensales, los despojaron de dinero y equipos telef\u00f3nicos, tras lo cual huyeron a bordo de una motocicleta.<\/p>\n\n\n\n<p>Polic\u00edas municipales y la Guardia Nacional arribaron al sitio pero s\u00f3lo para resguardar el \u00e1rea.<\/p>\n","protected":false},"excerpt":{"rendered":"<p>Ismael Garc\u00eda M.\/Zona Roja. Oaxaca de Ju\u00e1rez, Oax., a 20 de abril de 2025.- Otras&hellip;<\/p>\n","protected":false},"author":2,"featured_media":73641,"comment_status":"closed","ping_status":"open","sticky":false,"template":"","format":"standard","meta":{"_lmt_disableupdate":"","_lmt_disable":"","_jetpack_memberships_contains_paid_content":false,"footnotes":""},"categories":[109,51],"tags":[1268],"class_list":["post-79556","post","type-post","status-publish","format-standard","has-post-thumbnail","hentry","category-minuto-a-minuto","category-zona-roja","tag-san-juan-cacahuatepec"],"jetpack_featured_media_url":"https:\/\/zonaroja.com.mx\/wp-content\/uploads\/2024\/10\/Escena-balazos-balas-policiaca.jpg","jetpack_sharing_enabled":true,"_links":{"self":[{"href":"https:\/\/zonaroja.com.mx\/index.php?rest_route=\/wp\/v2\/posts\/79556","targetHints":{"allow":["GET"]}}],"collection":[{"href":"https:\/\/zonaroja.com.mx\/index.php?rest_route=\/wp\/v2\/posts"}],"about":[{"href":"https:\/\/zonaroja.com.mx\/index.php?rest_route=\/wp\/v2\/types\/post"}],"author":[{"embeddable":true,"href":"https:\/\/zonaroja.com.mx\/index.php?rest_route=\/wp\/v2\/users\/2"}],"replies":[{"embeddable":true,"href":"https:\/\/zonaroja.com.mx\/index.php?rest_route=%2Fwp%2Fv2%2Fcomments&post=79556"}],"version-history":[{"count":1,"href":"https:\/\/zonaroja.com.mx\/index.php?rest_route=\/wp\/v2\/posts\/79556\/revisions"}],"predecessor-version":[{"id":79557,"href":"https:\/\/zonaroja.com.mx\/index.php?rest_route=\/wp\/v2\/posts\/79556\/revisions\/79557"}],"wp:featuredmedia":[{"embeddable":true,"href":"https:\/\/zonaroja.com.mx\/index.php?rest_route=\/wp\/v2\/media\/73641"}],"wp:attachment":[{"href":"https:\/\/zonaroja.com.mx\/index.php?rest_route=%2Fwp%2Fv2%2Fmedia&parent=79556"}],"wp:term":[{"taxonomy":"category","embeddable":true,"href":"https:\/\/zonaroja.com.mx\/index.php?rest_route=%2Fwp%2Fv2%2Fcategories&post=79556"},{"taxonomy":"post_tag","embeddable":true,"href":"https:\/\/zonaroja.com.mx\/index.php?rest_route=%2Fwp%2Fv2%2Ftags&post=79556"}],"curies":[{"name":"wp","href":"https:\/\/api.w.org\/{rel}","templated":true}]}}