{"id":79558,"date":"2025-04-20T10:45:00","date_gmt":"2025-04-20T16:45:00","guid":{"rendered":"https:\/\/zonaroja.com.mx\/?p=79558"},"modified":"2025-04-20T07:23:48","modified_gmt":"2025-04-20T13:23:48","slug":"reportan-desaparicion-de-un-periodista-en-veracruz","status":"publish","type":"post","link":"https:\/\/zonaroja.com.mx\/?p=79558","title":{"rendered":"Reportan desaparici\u00f3n de un periodista en Veracruz"},"content":{"rendered":"\n<p>Redacci\u00f3n\/Zona Roja Cdmx.<\/p>\n\n\n\n<p>Ciudad de M\u00e9xico, a 20 de abril de 2025.- La organizaci\u00f3n Art\u00edculo 19 report\u00f3 la desaparici\u00f3n del periodista Miguel \u00c1ngel Anaya Castillo, director del medio \u201cP\u00e1nuco Online\u201d, en Veracruz.<\/p>\n\n\n\n<p>La organizaci\u00f3n afirm\u00f3 que \u201cvarias fuentes\u201d le informaron que el periodista independiente \u201cest\u00e1 desaparecido desde hace varios d\u00edas en P\u00e1nuco, Veracruz\u201d.<\/p>\n\n\n\n<p>Al momento se desconocen las circunstancias exactas del hecho, pero algunas fuentes reportan que la desaparici\u00f3n pudo haber ocurrido incluso desde el pasado domingo 13 de abril\u201d, advirti\u00f3 la organizaci\u00f3n en un mensaje en redes sociales.<\/p>\n\n\n\n<p>Art\u00edculo 19 se\u00f1al\u00f3 que seg\u00fan los reportes recibidos, la p\u00e1gina de Facebook de \u2018P\u00e1nuco Online\u2019 ha estado eliminando informaci\u00f3n durante la semana y el sitio ya no tiene ninguna nota period\u00edstica o publicaci\u00f3n.<\/p>\n\n\n\n<p>La organizaci\u00f3n resalt\u00f3 que, en febrero pasado, el periodista advirti\u00f3 sobre actos de intimidaci\u00f3n y hostigamiento en su domicilio por parte de sujetos desconocidos, quienes afirmaron tener \u201cun mensaje del presidente municipal\u201d.<\/p>\n\n\n\n<p>El testimonio de Anaya Castillo, publicado en marzo en el sitio web de Art\u00edculo 19, detalla que los hechos ocurrieron despu\u00e9s de que cubriera una manifestaci\u00f3n contra el uso de un relleno sanitario, que -seg\u00fan los ciudadanos- est\u00e1 causando enfermedades entre la poblaci\u00f3n.<\/p>\n\n\n\n<p>El periodista tambi\u00e9n mencion\u00f3 que en diciembre pasado le ofrecieron dinero del ayuntamiento de P\u00e1nuco para que no difundiera notas cr\u00edticas sobre el gobierno actual.<\/p>\n\n\n\n<p>Ante estos precedentes, Art\u00edculo 19 demand\u00f3 al gobierno de Veracruz y a la Fiscal\u00eda estatal coordinar acciones urgentes de b\u00fasqueda con la Secretar\u00eda de Gobernaci\u00f3n de M\u00e9xico (Segob) y la Comisi\u00f3n Nacional de B\u00fasqueda de Personas Desaparecidas<\/p>\n\n\n\n<p>Esto \u201cpara localizar con vida al periodista Miguel \u00c1ngel Anaya Castillo, conforme al Protocolo Homologado de B\u00fasqueda de Personas Desaparecidas\u201d, exigi\u00f3 la ONG.<\/p>\n\n\n\n<p>Finalmente, la organizaci\u00f3n hizo un llamado a la Comisi\u00f3n Estatal para la Atenci\u00f3n y Protecci\u00f3n de los Periodistas \u201ca gestionar medidas urgentes de protecci\u00f3n para los familiares de Miguel \u00c1ngel\u201d, en conjunto con el Mecanismo de Protecci\u00f3n para Personas Defensoras de Derechos Humanos, que opera la Segob.<\/p>\n\n\n\n<p>\u201cAs\u00ed como a dictaminar la necesidad de medidas preventivas en la entidad para proteger a la prensa\u201d, zanj\u00f3 la ONG.<\/p>\n\n\n\n<p>En 2024, Art\u00edculo 19 document\u00f3 cuatro asesinatos de periodistas relacionados con su labor period\u00edstica en M\u00e9xico, adem\u00e1s del hallazgo de los restos de otro periodista que hab\u00eda sido reportado como desaparecido en 2022.<\/p>\n\n\n\n<p>Adem\u00e1s, el a\u00f1o pasado la organizaci\u00f3n registr\u00f3 639 agresiones contra la prensa.<\/p>\n\n\n\n<p>En lo que va de 2025, la ONG ha registrado el asesinato de cinco periodistas. En tres de estos casos se ha confirmado que el crimen est\u00e1 relacionado con su profesi\u00f3n, mientras que en los otros dos casos se sigue investigando y no se descarta el mismo motivo.<\/p>\n\n\n\n<p>Desde el a\u00f1o 2000, Art\u00edculo 19 ha documentado en M\u00e9xico el asesinato de 171 periodistas y la desaparici\u00f3n de otros 31 informadores.<\/p>\n\n\n\n<p>(Con informaci\u00f3n de EFE en L\u00f3pez-D\u00f3riga Digital)<\/p>\n","protected":false},"excerpt":{"rendered":"<p>Redacci\u00f3n\/Zona Roja Cdmx. Ciudad de M\u00e9xico, a 20 de abril de 2025.- La organizaci\u00f3n Art\u00edculo&hellip;<\/p>\n","protected":false},"author":2,"featured_media":79559,"comment_status":"closed","ping_status":"open","sticky":false,"template":"","format":"standard","meta":{"_lmt_disableupdate":"","_lmt_disable":"","_jetpack_memberships_contains_paid_content":false,"footnotes":""},"categories":[109,47],"tags":[3867,4283],"class_list":["post-79558","post","type-post","status-publish","format-standard","has-post-thumbnail","hentry","category-minuto-a-minuto","category-zona-gris","tag-articulo-19","tag-miguel-angel-anaya-castillo"],"jetpack_featured_media_url":"https:\/\/zonaroja.com.mx\/wp-content\/uploads\/2025\/04\/Miguell-Angel-Anaya-Castillo.jpg","jetpack_sharing_enabled":true,"_links":{"self":[{"href":"https:\/\/zonaroja.com.mx\/index.php?rest_route=\/wp\/v2\/posts\/79558","targetHints":{"allow":["GET"]}}],"collection":[{"href":"https:\/\/zonaroja.com.mx\/index.php?rest_route=\/wp\/v2\/posts"}],"about":[{"href":"https:\/\/zonaroja.com.mx\/index.php?rest_route=\/wp\/v2\/types\/post"}],"author":[{"embeddable":true,"href":"https:\/\/zonaroja.com.mx\/index.php?rest_route=\/wp\/v2\/users\/2"}],"replies":[{"embeddable":true,"href":"https:\/\/zonaroja.com.mx\/index.php?rest_route=%2Fwp%2Fv2%2Fcomments&post=79558"}],"version-history":[{"count":1,"href":"https:\/\/zonaroja.com.mx\/index.php?rest_route=\/wp\/v2\/posts\/79558\/revisions"}],"predecessor-version":[{"id":79560,"href":"https:\/\/zonaroja.com.mx\/index.php?rest_route=\/wp\/v2\/posts\/79558\/revisions\/79560"}],"wp:featuredmedia":[{"embeddable":true,"href":"https:\/\/zonaroja.com.mx\/index.php?rest_route=\/wp\/v2\/media\/79559"}],"wp:attachment":[{"href":"https:\/\/zonaroja.com.mx\/index.php?rest_route=%2Fwp%2Fv2%2Fmedia&parent=79558"}],"wp:term":[{"taxonomy":"category","embeddable":true,"href":"https:\/\/zonaroja.com.mx\/index.php?rest_route=%2Fwp%2Fv2%2Fcategories&post=79558"},{"taxonomy":"post_tag","embeddable":true,"href":"https:\/\/zonaroja.com.mx\/index.php?rest_route=%2Fwp%2Fv2%2Ftags&post=79558"}],"curies":[{"name":"wp","href":"https:\/\/api.w.org\/{rel}","templated":true}]}}