{"id":79566,"date":"2025-04-20T13:29:00","date_gmt":"2025-04-20T19:29:00","guid":{"rendered":"https:\/\/zonaroja.com.mx\/?p=79566"},"modified":"2025-04-20T07:35:39","modified_gmt":"2025-04-20T13:35:39","slug":"ataques-israelies-en-gaza-dejan-mas-de-90-muertos-en-ultimas-48-horas","status":"publish","type":"post","link":"https:\/\/zonaroja.com.mx\/?p=79566","title":{"rendered":"Ataques israel\u00edes en Gaza dejan m\u00e1s de 90 muertos en \u00faltimas 48 horas"},"content":{"rendered":"\n<p>Redacci\u00f3n\/Zona Roja Cdmx.<\/p>\n\n\n\n<p>Ciudad de M\u00e9xico, a 20 de abril de 2025.- Ataques israel\u00edes en Gaza mataron a m\u00e1s de 90 personas en las \u00faltimas 48 horas, inform\u00f3 el s\u00e1bado el Ministerio de Salud del enclave palestino, mientras las tropas israel\u00edes intensifican sus ataques para presionar a Ham\u00e1s para que libere a los rehenes restantes y se desarme.<\/p>\n\n\n\n<p>Entre los 15 muertos durante la noche hab\u00eda mujeres y menores, algunos de los cuales estaban refugiados en una zona humanitaria designada, seg\u00fan personal hospitalario.<\/p>\n\n\n\n<p>Al menos 11 personas perdieron la vida en la ciudad sure\u00f1a de Jan Yunis, varias de ellas en una tienda de campa\u00f1a en la zona de Mwasi, donde viven cientos de miles de desplazados, seg\u00fan un trabajador hospitalario. Israel ha designado el lugar como zona humanitaria.<\/p>\n\n\n\n<p>Los dolientes acunaron y besaron los rostros de los muertos. Un hombre acarici\u00f3 la frente de un ni\u00f1o con su dedo antes de que se cerraran las bolsas para cad\u00e1veres.<\/p>\n\n\n\n<p>\u00abOmar se ha ido&#8230; Ojal\u00e1 hubiera sido yo\u00bb, grit\u00f3 el hermano de una de las v\u00edctimas.<\/p>\n\n\n\n<p>Otras cuatro personas murieron en ataques en la ciudad de Rafah, incluyendo una madre y su hija, seg\u00fan el Hospital Europeo, a donde fueron llevados los cuerpos.<\/p>\n\n\n\n<p>No hubo comentarios inmediatos del ej\u00e9rcito israel\u00ed. Israel ha prometido intensificar los ataques en toda Gaza y ocupar indefinidamente grandes \u00abzonas de seguridad\u00bb dentro del peque\u00f1o enclave costero de m\u00e1s de 2 millones de personas.<\/p>\n\n\n\n<p>Se ten\u00eda previsto que el primer ministro israel\u00ed Benjamin Netanyahu emitiera una declaraci\u00f3n el s\u00e1bado por la noche, seg\u00fan su oficina. De momento no hab\u00eda m\u00e1s detalles.<\/p>\n\n\n\n<p>Desde hace seis semanas, Israel bloquea la entrada de alimentos y otros bienes en la Franja.<\/p>\n\n\n\n<p>Esta semana, grupos humanitarios han hecho sonar la alarma al afirmar que miles de ni\u00f1os est\u00e1n desnutridos y que la mayor\u00eda de la poblaci\u00f3n toma solo una comida al d\u00eda a medida que disminuyen las reservas, de acuerdo con Naciones Unidas.<\/p>\n\n\n\n<p>La guerra comenz\u00f3 cuando insurgentes encabezados por Ham\u00e1s atacaron el sur de Israel el 7 de octubre de 2023 y mataron a unas 1.200 personas, en su mayor\u00eda civiles, y tomaron a 251 m\u00e1s como rehenes. La mayor\u00eda de los rehenes han sido liberados desde entonces en acuerdos de alto al fuego u otros tratos. Ham\u00e1s actualmente retiene a 59 rehenes, 24 de ellos se cree que est\u00e1n vivos.<\/p>\n\n\n\n<p>Israel respondi\u00f3 con una ofensiva que se ha cobrado la vida de m\u00e1s de 51.000 palestinos, en su mayor\u00eda mujeres y ni\u00f1os, seg\u00fan el Ministerio de Salud de Gaza, que no distingue entre civiles y combatientes.<\/p>\n\n\n\n<p>(Informaci\u00f3n de la agencia AP en \u201cLa Jornada\u201d)<\/p>\n","protected":false},"excerpt":{"rendered":"<p>Redacci\u00f3n\/Zona Roja Cdmx. Ciudad de M\u00e9xico, a 20 de abril de 2025.- Ataques israel\u00edes en&hellip;<\/p>\n","protected":false},"author":2,"featured_media":64355,"comment_status":"closed","ping_status":"open","sticky":false,"template":"","format":"standard","meta":{"_lmt_disableupdate":"","_lmt_disable":"","_jetpack_memberships_contains_paid_content":false,"footnotes":""},"categories":[109,47],"tags":[2668],"class_list":["post-79566","post","type-post","status-publish","format-standard","has-post-thumbnail","hentry","category-minuto-a-minuto","category-zona-gris","tag-conflicto-gaza-israel"],"jetpack_featured_media_url":"https:\/\/zonaroja.com.mx\/wp-content\/uploads\/2024\/01\/Hambruna-Gaza-ataques-Israel.jpg","jetpack_sharing_enabled":true,"_links":{"self":[{"href":"https:\/\/zonaroja.com.mx\/index.php?rest_route=\/wp\/v2\/posts\/79566","targetHints":{"allow":["GET"]}}],"collection":[{"href":"https:\/\/zonaroja.com.mx\/index.php?rest_route=\/wp\/v2\/posts"}],"about":[{"href":"https:\/\/zonaroja.com.mx\/index.php?rest_route=\/wp\/v2\/types\/post"}],"author":[{"embeddable":true,"href":"https:\/\/zonaroja.com.mx\/index.php?rest_route=\/wp\/v2\/users\/2"}],"replies":[{"embeddable":true,"href":"https:\/\/zonaroja.com.mx\/index.php?rest_route=%2Fwp%2Fv2%2Fcomments&post=79566"}],"version-history":[{"count":1,"href":"https:\/\/zonaroja.com.mx\/index.php?rest_route=\/wp\/v2\/posts\/79566\/revisions"}],"predecessor-version":[{"id":79567,"href":"https:\/\/zonaroja.com.mx\/index.php?rest_route=\/wp\/v2\/posts\/79566\/revisions\/79567"}],"wp:featuredmedia":[{"embeddable":true,"href":"https:\/\/zonaroja.com.mx\/index.php?rest_route=\/wp\/v2\/media\/64355"}],"wp:attachment":[{"href":"https:\/\/zonaroja.com.mx\/index.php?rest_route=%2Fwp%2Fv2%2Fmedia&parent=79566"}],"wp:term":[{"taxonomy":"category","embeddable":true,"href":"https:\/\/zonaroja.com.mx\/index.php?rest_route=%2Fwp%2Fv2%2Fcategories&post=79566"},{"taxonomy":"post_tag","embeddable":true,"href":"https:\/\/zonaroja.com.mx\/index.php?rest_route=%2Fwp%2Fv2%2Ftags&post=79566"}],"curies":[{"name":"wp","href":"https:\/\/api.w.org\/{rel}","templated":true}]}}