{"id":79574,"date":"2025-04-21T07:14:19","date_gmt":"2025-04-21T13:14:19","guid":{"rendered":"https:\/\/zonaroja.com.mx\/?p=79574"},"modified":"2025-04-21T07:14:22","modified_gmt":"2025-04-21T13:14:22","slug":"muere-primer-pontifice-latinoamericano-a-los-88-anos","status":"publish","type":"post","link":"https:\/\/zonaroja.com.mx\/?p=79574","title":{"rendered":"Muere primer pont\u00edfice latinoamericano, a los 88 a\u00f1os"},"content":{"rendered":"\n<p>Redacci\u00f3n\/Zona Roja Cdmx.<\/p>\n\n\n\n<p>Ciudad de M\u00e9xico, a 21 de abril de 2025.- El \u2018trono de San Pedro\u2019 queda vacante: El papa Francisco muri\u00f3 a los 88 a\u00f1os este lunes 21 de abril de 2025 a las 7:35 horas, semanas despu\u00e9s de haberse recuperado de una neumon\u00eda bilateral por la que estuvo internado durante semanas.<\/p>\n\n\n\n<p>El Vaticano inform\u00f3 del fallecimiento del jerarca de la Iglesia Cat\u00f3lica a trav\u00e9s de un mensaje v\u00eda video por el cardenal Kevin Joseph Farrel y posteriormente del Vaticano, y en los pr\u00f3ximos d\u00edas se dar\u00e1 a conocer c\u00f3mo ser\u00e1 la despedida del primer papa latinoamericano de la historia y los detalles del c\u00f3nclave para elegir a su sucesor.<\/p>\n\n\n\n<p>\u201cCon inmensa gratitud por su ejemplo como verdadero disc\u00edpulo del Se\u00f1or Jes\u00fas, encomendamos el alma del Papa Francisco al infinito amor misericordioso del Dios Uno y Trino\u201d, fue el mensaje del cardenal Kevin Joseph Farrel en el que anunci\u00f3 la muerte de Francisco.<\/p>\n\n\n\n<p>El estado de salud del papa Francisco llevaba a\u00f1os de complicaciones, incluida una neumon\u00eda en 2023 que lo mantuvo hospitalizado y una artritis que hizo que comenzara a utilizar silla de ruedas ese mismo a\u00f1o.<\/p>\n\n\n\n<p>Luego de haber sido dado de alta el 23 de marzo pasado, el papa Francisco volv\u00eda de a poco a la actividad p\u00fablica, e incluso el Vaticano inform\u00f3 antes del Jueves Santo que su salud mostraba mejor\u00eda; sin embargo, se report\u00f3 su muerte este lunes, luego de su participaci\u00f3n en diversos eventos de la Semana Santa, as\u00ed como una reuni\u00f3n con el vicepresidente de Estados Unidos, J.D. Vance.<\/p>\n\n\n\n<p>LA HOSPITALIZACI\u00d3N<\/p>\n\n\n\n<p>El Papa fue diagnosticado con una bronquitis a principios de este mes, padecimiento que se complic\u00f3 por lo que el papa Francisco fue hospitalizado el viernes 14 de febrero en Roma.<\/p>\n\n\n\n<p>El Vaticano report\u00f3 que despu\u00e9s de las audiencias de ese d\u00eda, el papa Francisco ser\u00eda \u201cadmitido en el Policl\u00ednico Agostino Gemelli para algunas pruebas diagn\u00f3sticas necesarias y para continuar en un entorno hospitalario el tratamiento para la bronquitis que a\u00fan est\u00e1 en curso\u201d.<\/p>\n\n\n\n<p>Las preocupaciones por el l\u00edder cat\u00f3lico aumentaron con el paso de los d\u00edas, ya que el papa Francisco cancel\u00f3 una reuni\u00f3n en la Cinecitt\u00e0 de Roma para como parte de las celebraciones por el Jubileo. El jesuita public\u00f3 un mensaje en sus redes sociales en el que agradeci\u00f3 el apoyo de los feligreses cat\u00f3licos.<\/p>\n\n\n\n<p>La salud del sumo pont\u00edfice se agrav\u00f3 a principios de la semana: El Vaticano inform\u00f3 que el papa Francisco presentaba un cuadro cl\u00ednico complejo por el desarrollo de una infecci\u00f3n respiratoria polibacteriana.<\/p>\n\n\n\n<p>Una tomograf\u00eda hecha al obispo de Roma revel\u00f3 la aparici\u00f3n de una neumon\u00eda bilateral que oblig\u00f3 a los doctores a aumentar los medicamentos en el tratamiento del papa.<\/p>\n\n\n\n<p>El \u00faltimo parte m\u00e9dico del 20 de febrero se\u00f1alaba que el papa Francisco estaba mejorando levemente pues ya no ten\u00eda fiebre y estaba realizando sus actividades de manera normal; sin embargo, el pont\u00edfice falleci\u00f3 d\u00edas despu\u00e9s.<\/p>\n\n\n\n<p>\u00bfQUI\u00c9N FUE?<\/p>\n\n\n\n<p>Nacido en Argentina el 17 de diciembre de 1936, Jorge Mario Bergoglio fue el primer hijo de Mario Jos\u00e9 Francisco Bergoglio y de Regina Mar\u00eda Sivori, dos italianos que viv\u00edan en el n\u00famero 351 de calle Membrillar en el barrio de las Flores, uno de los puntos m\u00e1s urbanizados de Buenos Aires.<\/p>\n\n\n\n<p>Durante su infancia se destac\u00f3 en deportes como el futbol y el basquetbol y tambi\u00e9n desarroll\u00f3 el gusto por rezar, influenciado por su abuela y las monjas del Jard\u00edn de Infantes Nuestra Se\u00f1ora de la Misericordia.<\/p>\n\n\n\n<p>El papa Francisco era hincha declarado del Club San Lorenzo de Almagro, equipo que ve\u00eda en el estadio junto con su familia, y al que mand\u00f3 mensajes despu\u00e9s de ser electo como l\u00edder de la Iglesia Cat\u00f3lica.<\/p>\n\n\n\n<p>\u00abSer de San Lorenzo es parte de mi identidad cultural\u201c, lleg\u00f3 a decir.<\/p>\n\n\n\n<p>A pesar de su gran pasi\u00f3n por el deporte y su carrera como t\u00e9cnico qu\u00edmico, la vocaci\u00f3n de Bergoglio fue la religi\u00f3n, y cuando cumpli\u00f3 17 a\u00f1os se uni\u00f3 a la Orden de los Jesuitas.<\/p>\n\n\n\n<p>A los 32 a\u00f1os se orden\u00f3 como sacerdote, a la par de que se desarrollaba acad\u00e9micamente, lo que le permiti\u00f3 convertirse en maestro de novicios, adem\u00e1s de impartir materias de psicolog\u00eda y literatura en la provincia de Santa Fe.<\/p>\n\n\n\n<p>En 1973 fue elegido como supervisor de la misi\u00f3n jesuita en Argentina, y para 1986, a los 50 a\u00f1os, fue escogido como director espiritual y confesor de la Compa\u00f1\u00eda de Jes\u00fas.<\/p>\n\n\n\n<p>La \u201cespiritualidad\u201d del papa Francisco provoc\u00f3 admiraci\u00f3n en l\u00edderes internacionales de la iglesia, lo que le coloc\u00f3 \u2018en la mira\u2019 del papa Juan Pablo II, quien lo nombr\u00f3 obispo titular de Auca y Auxiliar de Buenos Aires en 1992.<\/p>\n\n\n\n<p>Este nombramiento es clave, ya que desde ese a\u00f1o su crecimiento en la Iglesia fue r\u00e1pido, esto al convertirse en vicario episcopal del barrio de Flores tambi\u00e9n en 1992, y un a\u00f1o despu\u00e9s como vicario general de la Arquidi\u00f3cesis en Buenos Aires.<\/p>\n\n\n\n<p>Para 1997, y con todo el respaldo de Juan Pablo II, fue nombrado arzobispo coadjutor, y para 2001 el papa lo nombr\u00f3 cardenal.<\/p>\n\n\n\n<p>QU\u00c9 SIGUE<\/p>\n\n\n\n<p>Tras la muerte del papa Francisco, el Vaticano debe realizar un protocolo llamado Sede Vacante, que consiste en el proceso para suceder al l\u00edder de la Iglesia Cat\u00f3lica entre una serie de aspirantes.<\/p>\n\n\n\n<p>El Gobierno de la Di\u00f3cesis pasa a manos del obispo auxiliar m\u00e1s antiguo, quien se encarga de convocar al colegio de cardenales que designar\u00e1 al nuevo papa.<\/p>\n\n\n\n<p>El colegio de cardenales instalados no puede hacer modificaciones a las leyes religiosas; sin embargo, es responsable de interpretar los puntos de la Constituci\u00f3n Apost\u00f3lica, lo que permite establecer las reglas en la selecci\u00f3n del nuevo papa.<\/p>\n\n\n\n<p>En este periodo, algunos de los principales cargos de la iglesia se paralizan, al menos hasta que se selecciona al nuevo l\u00edder.<\/p>\n\n\n\n<p>Una vez que se forma el colegio de cardenales comienza un proceso llamando C\u00f3nclave, donde se acuerdan los requisitos para los candidatos y las normas de la elecci\u00f3n.<\/p>\n\n\n\n<p>D\u00edas antes del c\u00f3nclave, cuando los cardenales llegan al Vaticano, est\u00e1n obligados a no hacer ninguna declaraci\u00f3n p\u00fablica que parezca acto de campa\u00f1a.<\/p>\n\n\n\n<p>El c\u00f3nclave se realiza en la Capilla Sixtina, donde el colegio de cardenales pasa d\u00edas encerrado y con poco contacto con personas del exterior.<\/p>\n\n\n\n<p>La votaci\u00f3n es mediante papeletas, y una vez que termina y se contabilizan, los votos son quemados si no se lleg\u00f3 a una mayor\u00eda clara. Este proceso se puede extender d\u00edas, con recesos para la oraci\u00f3n e incluso \u2018segundas vueltas\u2019 de la votaci\u00f3n.<\/p>\n\n\n\n<p>La quema de las papeletas es algo posible de observar por las personas desde fuera de la Capilla Sixtina. Cuando el humo sale negro quiere decir que la elecci\u00f3n fue fallida, y cuando sale humo blanco quiere decir que finalmente hay un nuevo papa, que en este caso, reemplazar\u00e1 a Francisco.<\/p>\n\n\n\n<p>(Informaci\u00f3n de \u201cEl Financiero\u201d)<\/p>\n","protected":false},"excerpt":{"rendered":"<p>Redacci\u00f3n\/Zona Roja Cdmx. Ciudad de M\u00e9xico, a 21 de abril de 2025.- El \u2018trono de&hellip;<\/p>\n","protected":false},"author":2,"featured_media":79575,"comment_status":"closed","ping_status":"open","sticky":false,"template":"","format":"standard","meta":{"_lmt_disableupdate":"","_lmt_disable":"","_jetpack_memberships_contains_paid_content":false,"footnotes":""},"categories":[109,47],"tags":[4284],"class_list":["post-79574","post","type-post","status-publish","format-standard","has-post-thumbnail","hentry","category-minuto-a-minuto","category-zona-gris","tag-papa-francisco"],"jetpack_featured_media_url":"https:\/\/zonaroja.com.mx\/wp-content\/uploads\/2025\/04\/Papa-Francisco.jpg","jetpack_sharing_enabled":true,"_links":{"self":[{"href":"https:\/\/zonaroja.com.mx\/index.php?rest_route=\/wp\/v2\/posts\/79574","targetHints":{"allow":["GET"]}}],"collection":[{"href":"https:\/\/zonaroja.com.mx\/index.php?rest_route=\/wp\/v2\/posts"}],"about":[{"href":"https:\/\/zonaroja.com.mx\/index.php?rest_route=\/wp\/v2\/types\/post"}],"author":[{"embeddable":true,"href":"https:\/\/zonaroja.com.mx\/index.php?rest_route=\/wp\/v2\/users\/2"}],"replies":[{"embeddable":true,"href":"https:\/\/zonaroja.com.mx\/index.php?rest_route=%2Fwp%2Fv2%2Fcomments&post=79574"}],"version-history":[{"count":1,"href":"https:\/\/zonaroja.com.mx\/index.php?rest_route=\/wp\/v2\/posts\/79574\/revisions"}],"predecessor-version":[{"id":79576,"href":"https:\/\/zonaroja.com.mx\/index.php?rest_route=\/wp\/v2\/posts\/79574\/revisions\/79576"}],"wp:featuredmedia":[{"embeddable":true,"href":"https:\/\/zonaroja.com.mx\/index.php?rest_route=\/wp\/v2\/media\/79575"}],"wp:attachment":[{"href":"https:\/\/zonaroja.com.mx\/index.php?rest_route=%2Fwp%2Fv2%2Fmedia&parent=79574"}],"wp:term":[{"taxonomy":"category","embeddable":true,"href":"https:\/\/zonaroja.com.mx\/index.php?rest_route=%2Fwp%2Fv2%2Fcategories&post=79574"},{"taxonomy":"post_tag","embeddable":true,"href":"https:\/\/zonaroja.com.mx\/index.php?rest_route=%2Fwp%2Fv2%2Ftags&post=79574"}],"curies":[{"name":"wp","href":"https:\/\/api.w.org\/{rel}","templated":true}]}}