{"id":79577,"date":"2025-04-21T08:35:41","date_gmt":"2025-04-21T14:35:41","guid":{"rendered":"https:\/\/zonaroja.com.mx\/?p=79577"},"modified":"2025-04-21T08:35:44","modified_gmt":"2025-04-21T14:35:44","slug":"vacaciones-de-semana-santa-dejan-10-fallecidos-por-percances","status":"publish","type":"post","link":"https:\/\/zonaroja.com.mx\/?p=79577","title":{"rendered":"Vacaciones de Semana Santa dejan 10 fallecidos por percances"},"content":{"rendered":"\n<p>Ismael Garc\u00eda M.\/Zona Roja.<\/p>\n\n\n\n<p>Oaxaca de Ju\u00e1rez, Oax., a 21 de abril de 2025.- Al menos diez personas fallecieron en Oaxaca durante la Semana Santa, a causa de ahogamiento y percances viales.<\/p>\n\n\n\n<p>Los m\u00e1s recientes hechos ocurrieron anoche, en la supercarretera Oaxaca-Cuacnopalan, donde una motocicleta se impact\u00f3 con un veh\u00edculo, a la altura del kil\u00f3metro 208, donde perdi\u00f3 la vida el motociclista, a\u00fan no identificado.<\/p>\n\n\n\n<p>Tambi\u00e9n anoche pero en la carretera federal 190 Oaxaca-M\u00e9xico, a la altura de la localidad de Santiago Suchilquitongo, Etla, otra persona perdi\u00f3 la vida tras ser arrollada por una unidad de motor.<\/p>\n\n\n\n<p>Esta ma\u00f1ana de lunes, se report\u00f3 el deceso de una persona del sexo masculino, al parecer en situaci\u00f3n de calle, en inmediaciones de la Central de Abasto de la ciudad de Oaxaca.<\/p>\n\n\n\n<p>Apenas la madrugada de ayer domingo, en el tramo carretero Tehuantepec-Salina Cruz, regi\u00f3n del Istmo, se registr\u00f3 un aparatoso percance en inmediaciones de la colonia Jes\u00fas Rasgado de este \u00faltimo minuto.<\/p>\n\n\n\n<p>Ello dej\u00f3 como saldo una mujer fallecida y al menos cinco personas lesionadas de gravedad, que fueron trasladadas a un hospital.<\/p>\n\n\n\n<p>El s\u00e1bado 20, en un r\u00edo de la localidad de Santa Mar\u00eda Yahuiche perdi\u00f3 la vida un adolescente, Aldo R. L., tras ahogarse luego de acudir a nadar con sus amigos y familiares; el cuerpo fue rescatado por el personal de Bomberos.<\/p>\n\n\n\n<p>El pasado viernes 19 de abril, en Playa Maguey, de Bah\u00edas de Huatulco, volc\u00f3 una lancha con 15 turistas, que fueron rescatados, algunos de los cuales trasladados a un hospital.<\/p>\n\n\n\n<p>Derivado de ello, perdi\u00f3 la vida la se\u00f1ora Victoria Hern\u00e1ndez Monroy, de 68 a\u00f1os de edad, originaria del Estado de M\u00e9xico.<\/p>\n\n\n\n<p>Tambi\u00e9n el viernes, dos trabajadores de la construcci\u00f3n cayeron de una obra cerca de la d\u00e1rsena de Santa Cruz Huatulco, presuntamente por la mala colocaci\u00f3n de un andamio; perdieron la vida en el mismo sitio.<\/p>\n\n\n\n<p>Tambi\u00e9n el viernes, un padre de familia muri\u00f3 tras rescatar de un r\u00edo a sus dos hijos, en inmediaciones San Mateo Yoloxochitl\u00e1n, regi\u00f3n Sierra de Flores Mag\u00f3n, antes conocida como Ca\u00f1ada.<\/p>\n\n\n\n<p>La v\u00edctima fue identificada como Adulfo A. G., de 37 a\u00f1os de edad, cuyo cuerpo fue rescatado por autoridades locales.<\/p>\n\n\n\n<p>El 15 de abril en el tramo carretero Juchit\u00e1n-Tehuantepec, a la altura del crucero a la localidad de Puente Madera, un campesino fue atropellado por una unidad de transporte, por lo cual fue trasladado a un hospital.<\/p>\n\n\n\n<p>Durante tres d\u00edas, los familiares y pobladores bloquearon dicha vialidad para exigir atenci\u00f3n m\u00e9dica especializada, as\u00ed como castigo al responsable.<\/p>\n\n\n\n<p>El joven fue trasladado el jueves a un nosocomio de la capital pero la madrugada del s\u00e1bado perdi\u00f3 la vida debido a la gravedad de las lesiones.<\/p>\n","protected":false},"excerpt":{"rendered":"<p>Ismael Garc\u00eda M.\/Zona Roja. Oaxaca de Ju\u00e1rez, Oax., a 21 de abril de 2025.- Al&hellip;<\/p>\n","protected":false},"author":2,"featured_media":79578,"comment_status":"closed","ping_status":"open","sticky":false,"template":"","format":"standard","meta":{"_lmt_disableupdate":"","_lmt_disable":"","_jetpack_memberships_contains_paid_content":false,"footnotes":""},"categories":[109,47],"tags":[3416],"class_list":["post-79577","post","type-post","status-publish","format-standard","has-post-thumbnail","hentry","category-minuto-a-minuto","category-zona-gris","tag-accidentes-carreteros-oaxaca"],"jetpack_featured_media_url":"https:\/\/zonaroja.com.mx\/wp-content\/uploads\/2025\/04\/Ahogado-Yahuiche.jpg","jetpack_sharing_enabled":true,"_links":{"self":[{"href":"https:\/\/zonaroja.com.mx\/index.php?rest_route=\/wp\/v2\/posts\/79577","targetHints":{"allow":["GET"]}}],"collection":[{"href":"https:\/\/zonaroja.com.mx\/index.php?rest_route=\/wp\/v2\/posts"}],"about":[{"href":"https:\/\/zonaroja.com.mx\/index.php?rest_route=\/wp\/v2\/types\/post"}],"author":[{"embeddable":true,"href":"https:\/\/zonaroja.com.mx\/index.php?rest_route=\/wp\/v2\/users\/2"}],"replies":[{"embeddable":true,"href":"https:\/\/zonaroja.com.mx\/index.php?rest_route=%2Fwp%2Fv2%2Fcomments&post=79577"}],"version-history":[{"count":1,"href":"https:\/\/zonaroja.com.mx\/index.php?rest_route=\/wp\/v2\/posts\/79577\/revisions"}],"predecessor-version":[{"id":79579,"href":"https:\/\/zonaroja.com.mx\/index.php?rest_route=\/wp\/v2\/posts\/79577\/revisions\/79579"}],"wp:featuredmedia":[{"embeddable":true,"href":"https:\/\/zonaroja.com.mx\/index.php?rest_route=\/wp\/v2\/media\/79578"}],"wp:attachment":[{"href":"https:\/\/zonaroja.com.mx\/index.php?rest_route=%2Fwp%2Fv2%2Fmedia&parent=79577"}],"wp:term":[{"taxonomy":"category","embeddable":true,"href":"https:\/\/zonaroja.com.mx\/index.php?rest_route=%2Fwp%2Fv2%2Fcategories&post=79577"},{"taxonomy":"post_tag","embeddable":true,"href":"https:\/\/zonaroja.com.mx\/index.php?rest_route=%2Fwp%2Fv2%2Ftags&post=79577"}],"curies":[{"name":"wp","href":"https:\/\/api.w.org\/{rel}","templated":true}]}}