{"id":79580,"date":"2025-04-21T08:36:36","date_gmt":"2025-04-21T14:36:36","guid":{"rendered":"https:\/\/zonaroja.com.mx\/?p=79580"},"modified":"2025-04-21T08:36:38","modified_gmt":"2025-04-21T14:36:38","slug":"lesionan-de-bala-a-una-individuo-en-juchitan-oaxaca","status":"publish","type":"post","link":"https:\/\/zonaroja.com.mx\/?p=79580","title":{"rendered":"Lesionan de bala a una individuo en Juchit\u00e1n, Oaxaca"},"content":{"rendered":"\n<p>Redacci\u00f3n\/Zona Roja.<\/p>\n\n\n\n<p>Oaxaca de Ju\u00e1rez, Oax., a 21 de abril de 2025.- Una persona del sexo masculino result\u00f3 lesionada de bala anoche en Juchit\u00e1n de Zaragoza, tras una presunta discusi\u00f3n.<\/p>\n\n\n\n<p>El hecho violento ocurri\u00f3 en la calle \u00c1lvaro Obreg\u00f3n de la Segunda Secci\u00f3n de dicho municipio istme\u00f1o, en que dos mujeres discut\u00edan, una de las cuales presuntamente pidi\u00f3 ayuda para defenderse.<\/p>\n\n\n\n<p>Al lugar lleg\u00f3 un sujeto a bordo de una motocicleta con un arma de fuego, quien realiz\u00f3 disparos.<\/p>\n\n\n\n<p>Una bala lesion\u00f3 a una persona identificada como Christhoper S., quien fue trasladado a un hospital, mientras que el agresor logr\u00f3 darse a la fuga, sin que hubiera polic\u00edas en la zona para detenerlo.<\/p>\n\n\n\n<p>Personal de la Vicefiscal\u00eda Regional del Istmo, de la Fiscal\u00eda General del Estado de Oaxaca, inici\u00f3 las indagatorias correspondientes para deslindar responsabilidades.<\/p>\n\n\n\n<p>Por otra parte, en la colonia Cocijoeza de la ciudad de Oaxaca, una persona del sexo masculino fue lesionado con arma blanca.&nbsp;<\/p>\n\n\n\n<p>La v\u00edctima fue identificada como Oliverio J. C., originaria de la localidad de Santo Domingo Barrio Bajo, Etla, quien fue atendido por param\u00e9dicos de la UAMP y trasladado a un hospital.<\/p>\n","protected":false},"excerpt":{"rendered":"<p>Redacci\u00f3n\/Zona Roja. Oaxaca de Ju\u00e1rez, Oax., a 21 de abril de 2025.- Una persona del&hellip;<\/p>\n","protected":false},"author":2,"featured_media":69311,"comment_status":"closed","ping_status":"open","sticky":false,"template":"","format":"standard","meta":{"_lmt_disableupdate":"","_lmt_disable":"","_jetpack_memberships_contains_paid_content":false,"footnotes":""},"categories":[109,47],"tags":[123],"class_list":["post-79580","post","type-post","status-publish","format-standard","has-post-thumbnail","hentry","category-minuto-a-minuto","category-zona-gris","tag-juchitan-de-zaragoza"],"jetpack_featured_media_url":"https:\/\/zonaroja.com.mx\/wp-content\/uploads\/2024\/06\/Escena-asesinato-crimen-violencia.jpeg","jetpack_sharing_enabled":true,"_links":{"self":[{"href":"https:\/\/zonaroja.com.mx\/index.php?rest_route=\/wp\/v2\/posts\/79580","targetHints":{"allow":["GET"]}}],"collection":[{"href":"https:\/\/zonaroja.com.mx\/index.php?rest_route=\/wp\/v2\/posts"}],"about":[{"href":"https:\/\/zonaroja.com.mx\/index.php?rest_route=\/wp\/v2\/types\/post"}],"author":[{"embeddable":true,"href":"https:\/\/zonaroja.com.mx\/index.php?rest_route=\/wp\/v2\/users\/2"}],"replies":[{"embeddable":true,"href":"https:\/\/zonaroja.com.mx\/index.php?rest_route=%2Fwp%2Fv2%2Fcomments&post=79580"}],"version-history":[{"count":1,"href":"https:\/\/zonaroja.com.mx\/index.php?rest_route=\/wp\/v2\/posts\/79580\/revisions"}],"predecessor-version":[{"id":79581,"href":"https:\/\/zonaroja.com.mx\/index.php?rest_route=\/wp\/v2\/posts\/79580\/revisions\/79581"}],"wp:featuredmedia":[{"embeddable":true,"href":"https:\/\/zonaroja.com.mx\/index.php?rest_route=\/wp\/v2\/media\/69311"}],"wp:attachment":[{"href":"https:\/\/zonaroja.com.mx\/index.php?rest_route=%2Fwp%2Fv2%2Fmedia&parent=79580"}],"wp:term":[{"taxonomy":"category","embeddable":true,"href":"https:\/\/zonaroja.com.mx\/index.php?rest_route=%2Fwp%2Fv2%2Fcategories&post=79580"},{"taxonomy":"post_tag","embeddable":true,"href":"https:\/\/zonaroja.com.mx\/index.php?rest_route=%2Fwp%2Fv2%2Ftags&post=79580"}],"curies":[{"name":"wp","href":"https:\/\/api.w.org\/{rel}","templated":true}]}}