{"id":79589,"date":"2025-04-21T16:02:47","date_gmt":"2025-04-21T22:02:47","guid":{"rendered":"https:\/\/zonaroja.com.mx\/?p=79589"},"modified":"2025-04-21T16:02:47","modified_gmt":"2025-04-21T22:02:47","slug":"registra-oaxaca-28-casos-de-tos-ferina-y-el-deceso-de-un-menor","status":"publish","type":"post","link":"https:\/\/zonaroja.com.mx\/?p=79589","title":{"rendered":"Registra Oaxaca 28 casos de tos ferina y el deceso de un menor"},"content":{"rendered":"\n<p class=\"MsoNormal\">Redacci\u00f3n\/Zona Roja.&nbsp;<\/p>\n\n\n\n<p class=\"MsoNormal\">Oaxaca de Ju\u00e1rez, Oax. 21 de abril de 2025.- La dependencia&nbsp;Servicios de Salud de Oaxaca (SSO) confirm\u00f3 que, al corte de la semana epidemiol\u00f3gica n\u00famero 15, se han registrado 26 casos de tos ferina en la entidad.<\/p>\n\n\n\n<p class=\"MsoNormal\">Indic\u00f3 que a&nbsp;nivel nacional, la Secretar\u00eda de Salud ha confirmado 696 casos de la enfermedad y 37 defunciones, una de ellas en Oaxaca \u2014el 22 de enero de 2025\u2013, correspondiente a una persona menor de un a\u00f1o, originaria de Santiago Ap\u00f3stol.<\/p>\n\n\n\n<p class=\"MsoNormal\">Ante este escenario, la instituci\u00f3n exhort\u00f3 a madres y padres de familia, as\u00ed como a personas cuidadoras, revisar las cartillas de vacunaci\u00f3n de ni\u00f1as y ni\u00f1os para completar sus esquemas al acudir a su centro de salud m\u00e1s cercano, a fin de protegerlos de esta bacteria.<\/p>\n\n\n\n<p class=\"MsoNormal\">Precis\u00f3 que los SSO cuentan con abasto suficiente de biol\u00f3gicos necesarios para proteger a la poblaci\u00f3n infantil, principalmente: la vacuna hexavalente (difteria, t\u00e9tanos, tos ferina, poliomielitis, Haemophilus influenzae tipo b y hepatitis B), que debe ser aplicada en cuatro dosis a los 2, 4, 6 y 18 meses de edad.<\/p>\n\n\n\n<p class=\"MsoNormal\">As\u00ed como de la vacuna DPT (difteria, tos ferina y t\u00e9tanos), que es un esquema de refuerzo a partir de los 4 a\u00f1os; la Tdpa (t\u00e9tanos, difteria y tos ferina) es una dosis \u00fanica recomendada a todas las embarazadas despu\u00e9s de 20 semanas de gestaci\u00f3n.<\/p>\n\n\n\n<p class=\"MsoNormal\">Subray\u00f3 que se trabaja de manera coordinada con la Secretar\u00eda de Salud federal y la Coordinaci\u00f3n Estatal del IMSS-Bienestar para mantener el suministro de vacunas y medicamentos en toda la red hospitalaria.<\/p>\n\n\n\n<p class=\"MsoNormal\">Asimismo, explic\u00f3 que&nbsp;las seis&nbsp;Jurisdicciones Sanitarias del estado realizan monitoreo semanal de demanda y de existencias en clave, con el prop\u00f3sito de garantizar el abasto oportuno y cubrir puntualmente las necesidades de cada regi\u00f3n.<\/p>\n\n\n\n<p class=\"MsoNormal\">Por indicaci\u00f3n del gobernador Salom\u00f3n Jara Cruz, los SSO permanecen atentos a las prioridades de la poblaci\u00f3n, reforzando acciones para consolidar un sistema de salud s\u00f3lido y accesible, que&nbsp;proteja la vida y el bienestar de las familias oaxaque\u00f1as.<\/p>\n\n\n\n<p><\/p>\n","protected":false},"excerpt":{"rendered":"<p>Redacci\u00f3n\/Zona Roja.&nbsp; Oaxaca de Ju\u00e1rez, Oax. 21 de abril de 2025.- La dependencia&nbsp;Servicios de Salud&hellip;<\/p>\n","protected":false},"author":2,"featured_media":75216,"comment_status":"closed","ping_status":"open","sticky":false,"template":"","format":"standard","meta":{"_lmt_disableupdate":"","_lmt_disable":"","_jetpack_memberships_contains_paid_content":false,"footnotes":""},"categories":[109,47],"tags":[],"class_list":["post-79589","post","type-post","status-publish","format-standard","has-post-thumbnail","hentry","category-minuto-a-minuto","category-zona-gris"],"jetpack_featured_media_url":"https:\/\/zonaroja.com.mx\/wp-content\/uploads\/2024\/12\/Muerte-bebe-pediatrico-hospital.jpg.webp","jetpack_sharing_enabled":true,"_links":{"self":[{"href":"https:\/\/zonaroja.com.mx\/index.php?rest_route=\/wp\/v2\/posts\/79589","targetHints":{"allow":["GET"]}}],"collection":[{"href":"https:\/\/zonaroja.com.mx\/index.php?rest_route=\/wp\/v2\/posts"}],"about":[{"href":"https:\/\/zonaroja.com.mx\/index.php?rest_route=\/wp\/v2\/types\/post"}],"author":[{"embeddable":true,"href":"https:\/\/zonaroja.com.mx\/index.php?rest_route=\/wp\/v2\/users\/2"}],"replies":[{"embeddable":true,"href":"https:\/\/zonaroja.com.mx\/index.php?rest_route=%2Fwp%2Fv2%2Fcomments&post=79589"}],"version-history":[{"count":1,"href":"https:\/\/zonaroja.com.mx\/index.php?rest_route=\/wp\/v2\/posts\/79589\/revisions"}],"predecessor-version":[{"id":79590,"href":"https:\/\/zonaroja.com.mx\/index.php?rest_route=\/wp\/v2\/posts\/79589\/revisions\/79590"}],"wp:featuredmedia":[{"embeddable":true,"href":"https:\/\/zonaroja.com.mx\/index.php?rest_route=\/wp\/v2\/media\/75216"}],"wp:attachment":[{"href":"https:\/\/zonaroja.com.mx\/index.php?rest_route=%2Fwp%2Fv2%2Fmedia&parent=79589"}],"wp:term":[{"taxonomy":"category","embeddable":true,"href":"https:\/\/zonaroja.com.mx\/index.php?rest_route=%2Fwp%2Fv2%2Fcategories&post=79589"},{"taxonomy":"post_tag","embeddable":true,"href":"https:\/\/zonaroja.com.mx\/index.php?rest_route=%2Fwp%2Fv2%2Ftags&post=79589"}],"curies":[{"name":"wp","href":"https:\/\/api.w.org\/{rel}","templated":true}]}}