{"id":7959,"date":"2020-01-22T21:47:15","date_gmt":"2020-01-23T03:47:15","guid":{"rendered":"http:\/\/www.zonaroja.com.mx\/?p=7959"},"modified":"2020-01-22T21:47:20","modified_gmt":"2020-01-23T03:47:20","slug":"destaca-el-ieepo-compromiso-con-el-pleno-respeto-a-derechos-humanos","status":"publish","type":"post","link":"https:\/\/zonaroja.com.mx\/?p=7959","title":{"rendered":"Destaca el IEEPO compromiso con el pleno respeto a derechos humanos"},"content":{"rendered":"\n<p>Redacci\u00f3n\/Zona\nRoja.<\/p>\n\n\n\n<p>Oaxaca de\nJu\u00e1rez, Oax. 22 de enero de 2020.- El Instituto Estatal de Educaci\u00f3n P\u00fablica de\nOaxaca (IEEPO) destac\u00f3 que no ha recibido recomendaci\u00f3n alguna por parte de los\norganismos defensores de derechos humanos, derivado de la conciliaci\u00f3n, di\u00e1logo,\ncapacitaci\u00f3n y el trabajo directo con escuelas, supervisores, directivos y\ndocentes para privilegiar ante todo el inter\u00e9s superior de la ni\u00f1ez.<\/p>\n\n\n\n<p>Expuso que como\nes prioridad del director general, Francisco \u00c1ngel Villarreal, a trav\u00e9s de la\nDirecci\u00f3n para la Atenci\u00f3n de los Derechos Humanos, se promueven de forma\npermanente programas, actividades y campa\u00f1as de sensibilizaci\u00f3n enfocadas a\nlograr que en la entidad prevalezca el respeto a los derechos de la ni\u00f1ez y\njuventud, la sana convivencia en las escuelas, as\u00ed como la perspectiva en\nequidad y g\u00e9nero.<\/p>\n\n\n\n<p>En un comunicado, dijo que la directora del \u00e1rea, Marlene Aldeco Reyes Retana, destac\u00f3 la importancia que a este tema se ha brindado y por lo cual la Comisi\u00f3n Nacional de Derechos Humanos (CNDH) y la Defensor\u00eda de los Derechos Humanos del Pueblo de Oaxaca (DDHPO) no han enviado ninguna recomendaci\u00f3n; adem\u00e1s de que tampoco ha incrementado el n\u00famero de quejas.<\/p>\n\n\n\n<p>\u201cEl\nInstituto Estatal de Educaci\u00f3n P\u00fablica de Oaxaca (IEEPO) se encuentra\ncomprometido con el respeto y defensa de los Derechos Humanos que son\ninherentes a la comunidad escolar y se mantiene vigilante sobre las acciones\nque se llevan a cabo en las instituciones educativas y oficinas del mismo\nInstituto; adem\u00e1s de brindar asesor\u00eda, orientaci\u00f3n y acompa\u00f1amiento para\ndefender y fortalecer las garant\u00edas establecidas para las ni\u00f1as, ni\u00f1os y\nadolescentes\u201d, detall\u00f3.<\/p>\n\n\n\n<p>Mencion\u00f3 que\ndespu\u00e9s de la recepci\u00f3n de la Recomendaci\u00f3n 52\/2017, emitida por la Comisi\u00f3n\nNacional de Derechos Humanos (CNDH), por diversas violaciones a los derechos de\nni\u00f1as, ni\u00f1os y adolescentes en casas y comedores destinados a la ni\u00f1ez\nind\u00edgena, se realizaron 28 capacitaciones dirigidas a 389 agentes educativos en\nbeneficio de dos mil 890 estudiantes.<\/p>\n\n\n\n<p>De igual\nmanera se realizaron cuatro manuales de actuaci\u00f3n para prevenir y atender\nsituaciones de riesgo en ni\u00f1as, ni\u00f1os y adolescentes en la educaci\u00f3n b\u00e1sica,\nlos cuales tienen como objetivo brindar los elementos b\u00e1sicos para el personal\nque labora en centros educativos para atender casos de abuso sexual infantil, violencia\nescolar, portaci\u00f3n de armas y drogas, as\u00ed como discriminaci\u00f3n.<\/p>\n\n\n\n<p>A trav\u00e9s de\nestas acciones concretas, el IEEPO refrenda su compromiso con la comunidad\nescolar para abonar en la construcci\u00f3n de una sociedad justa e incluyente, en\ndonde se privilegie el respeto&nbsp; a los\nderechos humanos.<\/p>\n","protected":false},"excerpt":{"rendered":"<p>Redacci\u00f3n\/Zona Roja. Oaxaca de Ju\u00e1rez, Oax. 22 de enero de 2020.- El Instituto Estatal de&hellip;<\/p>\n","protected":false},"author":2,"featured_media":7960,"comment_status":"closed","ping_status":"open","sticky":false,"template":"","format":"standard","meta":{"_lmt_disableupdate":"","_lmt_disable":"","_jetpack_memberships_contains_paid_content":false,"footnotes":""},"categories":[109,46],"tags":[652,599],"class_list":["post-7959","post","type-post","status-publish","format-standard","has-post-thumbnail","hentry","category-minuto-a-minuto","category-zona-blanca","tag-francisco-angel-villarreal","tag-instituto-estatal-de-educacion-publica-de-oaxaca"],"jetpack_featured_media_url":"https:\/\/zonaroja.com.mx\/wp-content\/uploads\/2020\/01\/01-IEEPO-2.jpg","jetpack_sharing_enabled":true,"_links":{"self":[{"href":"https:\/\/zonaroja.com.mx\/index.php?rest_route=\/wp\/v2\/posts\/7959","targetHints":{"allow":["GET"]}}],"collection":[{"href":"https:\/\/zonaroja.com.mx\/index.php?rest_route=\/wp\/v2\/posts"}],"about":[{"href":"https:\/\/zonaroja.com.mx\/index.php?rest_route=\/wp\/v2\/types\/post"}],"author":[{"embeddable":true,"href":"https:\/\/zonaroja.com.mx\/index.php?rest_route=\/wp\/v2\/users\/2"}],"replies":[{"embeddable":true,"href":"https:\/\/zonaroja.com.mx\/index.php?rest_route=%2Fwp%2Fv2%2Fcomments&post=7959"}],"version-history":[{"count":1,"href":"https:\/\/zonaroja.com.mx\/index.php?rest_route=\/wp\/v2\/posts\/7959\/revisions"}],"predecessor-version":[{"id":7961,"href":"https:\/\/zonaroja.com.mx\/index.php?rest_route=\/wp\/v2\/posts\/7959\/revisions\/7961"}],"wp:featuredmedia":[{"embeddable":true,"href":"https:\/\/zonaroja.com.mx\/index.php?rest_route=\/wp\/v2\/media\/7960"}],"wp:attachment":[{"href":"https:\/\/zonaroja.com.mx\/index.php?rest_route=%2Fwp%2Fv2%2Fmedia&parent=7959"}],"wp:term":[{"taxonomy":"category","embeddable":true,"href":"https:\/\/zonaroja.com.mx\/index.php?rest_route=%2Fwp%2Fv2%2Fcategories&post=7959"},{"taxonomy":"post_tag","embeddable":true,"href":"https:\/\/zonaroja.com.mx\/index.php?rest_route=%2Fwp%2Fv2%2Ftags&post=7959"}],"curies":[{"name":"wp","href":"https:\/\/api.w.org\/{rel}","templated":true}]}}