{"id":79594,"date":"2025-04-21T18:43:11","date_gmt":"2025-04-22T00:43:11","guid":{"rendered":"https:\/\/zonaroja.com.mx\/?p=79594"},"modified":"2025-04-21T18:43:13","modified_gmt":"2025-04-22T00:43:13","slug":"promueve-gobernador-elecciones-del-poder-judicial-federal","status":"publish","type":"post","link":"https:\/\/zonaroja.com.mx\/?p=79594","title":{"rendered":"Promueve gobernador elecciones del Poder Judicial federal"},"content":{"rendered":"\n<p>Redacci\u00f3n\/Zona Roja.&nbsp;<\/p>\n\n\n\n<p>Oaxaca de Ju\u00e1rez, Oax. 21 de abril de 2025.- En el marco del proceso electoral judicial, el gobernador Salom\u00f3n Jara Cruz promovi\u00f3 la participaci\u00f3n ciudadana en este ejercicio in\u00e9dito, que fortalece la democracia popular y participativa.<\/p>\n\n\n\n<p>Celebr\u00f3 la resoluci\u00f3n del Tribunal Electoral del Poder Judicial de la Federaci\u00f3n (TEPJF) que retir\u00f3 la restricci\u00f3n para que los Poderes de la Uni\u00f3n, Poderes Estatales, organismos p\u00fablicos electorales locales y personas servidoras p\u00fablicas; puedan invitar a sumarse a esta primera elecci\u00f3n hist\u00f3rica.<\/p>\n\n\n\n<p>\u201cHoy, respetuosos de la Constituci\u00f3n y de las leyes en la materia promovemos la elecci\u00f3n y no candidaturas en particular\u201d, refiri\u00f3 el mandatario estatal, en su conferencia de prensa.<\/p>\n\n\n\n<p>Jara Cruz coincidi\u00f3 con la Presidenta de M\u00e9xico, Claudia Sheinbaum Pardo que, junto a las y los magistrados, l\u00edderes del congreso y gobernadores; se\u00f1al\u00f3 que era inaceptable la prohibici\u00f3n establecida en el acuerdo del Instituto Nacional Electoral (INE) para informar sobre estos comicios.<\/p>\n\n\n\n<p>\u201cDicho acuerdo era un ataque a la democracia y limitaba el derecho del pueblo a contar con informaci\u00f3n para participar en el proceso que les permitir\u00e1 elegir a personas juzgadoras\u201d, se\u00f1al\u00f3.<\/p>\n\n\n\n<p>En este sentido, el gobernador de Oaxaca adelant\u00f3 que cada lunes, en conferencia de prensa, invitar\u00e1 a todas y todos para que participen en estas elecciones, ya que, por primera vez, tendr\u00e1n derecho a decidir sobre la conformaci\u00f3n del Poder Judicial federal.<\/p>\n\n\n\n<p>En su oportunidad, el titular de la Consejer\u00eda Jur\u00eddica y Asistencia Legal del Gobierno de Oaxaca, Geovany V\u00e1squez Sagrero destac\u00f3 que el TEPJF atendi\u00f3 diversos medios de impugnaci\u00f3n, promovidos por la Presidencia de la Rep\u00fablica y varias gubernaturas; con lo que, finalmente, se podr\u00e1 proporcionar informaci\u00f3n de manera general sobre el proceso electoral.<\/p>\n\n\n\n<p>Asimismo, explic\u00f3 que el 1 de junio pr\u00f3ximo se podr\u00e1 elegir a cinco mujeres y cuatro hombres que integrar\u00e1n la Suprema Corte de Justicia de la Naci\u00f3n, adem\u00e1s de otros seis cargos.&nbsp;<\/p>\n\n\n\n<p>El gobernante oaxaque\u00f1o pidi\u00f3 a las y los servidores p\u00fablicos apegar su comportamiento a los principios y valores \u00e9ticos invocados por la Presidenta de M\u00e9xico, como son: la honestidad, austeridad y vocaci\u00f3n de servicio al pueblo, que deben guiar la vida p\u00fablica.<\/p>\n\n\n\n<p>Enfatiz\u00f3 que para mantener la confianza ciudadana se deben rendir cuentas claras del trabajo, recorrer permanentemente el territorio para escuchar a la gente, a fin de preservar el esp\u00edritu intacto y resistir las tentaciones del poder y la comodidad.<\/p>\n\n\n\n<p>\u201cPor eso voy a los municipios, no acepto que haya intermediarios porque en todos los municipios por lo menos hay una obra, hacemos lo que nunca se hizo; realizamos las acciones con compromiso y dedicaci\u00f3n. Lo hacemos por convicci\u00f3n\u201d, finaliz\u00f3.&nbsp;<\/p>\n","protected":false},"excerpt":{"rendered":"<p>Redacci\u00f3n\/Zona Roja.&nbsp; Oaxaca de Ju\u00e1rez, Oax. 21 de abril de 2025.- En el marco del&hellip;<\/p>\n","protected":false},"author":2,"featured_media":77622,"comment_status":"closed","ping_status":"open","sticky":false,"template":"","format":"standard","meta":{"_lmt_disableupdate":"","_lmt_disable":"","_jetpack_memberships_contains_paid_content":false,"footnotes":""},"categories":[109,46],"tags":[939],"class_list":["post-79594","post","type-post","status-publish","format-standard","has-post-thumbnail","hentry","category-minuto-a-minuto","category-zona-blanca","tag-salomon-jara-cruz"],"jetpack_featured_media_url":"https:\/\/zonaroja.com.mx\/wp-content\/uploads\/2025\/02\/Salomon-Jara-Conferencia-de-prensa.jpeg","jetpack_sharing_enabled":true,"_links":{"self":[{"href":"https:\/\/zonaroja.com.mx\/index.php?rest_route=\/wp\/v2\/posts\/79594","targetHints":{"allow":["GET"]}}],"collection":[{"href":"https:\/\/zonaroja.com.mx\/index.php?rest_route=\/wp\/v2\/posts"}],"about":[{"href":"https:\/\/zonaroja.com.mx\/index.php?rest_route=\/wp\/v2\/types\/post"}],"author":[{"embeddable":true,"href":"https:\/\/zonaroja.com.mx\/index.php?rest_route=\/wp\/v2\/users\/2"}],"replies":[{"embeddable":true,"href":"https:\/\/zonaroja.com.mx\/index.php?rest_route=%2Fwp%2Fv2%2Fcomments&post=79594"}],"version-history":[{"count":1,"href":"https:\/\/zonaroja.com.mx\/index.php?rest_route=\/wp\/v2\/posts\/79594\/revisions"}],"predecessor-version":[{"id":79595,"href":"https:\/\/zonaroja.com.mx\/index.php?rest_route=\/wp\/v2\/posts\/79594\/revisions\/79595"}],"wp:featuredmedia":[{"embeddable":true,"href":"https:\/\/zonaroja.com.mx\/index.php?rest_route=\/wp\/v2\/media\/77622"}],"wp:attachment":[{"href":"https:\/\/zonaroja.com.mx\/index.php?rest_route=%2Fwp%2Fv2%2Fmedia&parent=79594"}],"wp:term":[{"taxonomy":"category","embeddable":true,"href":"https:\/\/zonaroja.com.mx\/index.php?rest_route=%2Fwp%2Fv2%2Fcategories&post=79594"},{"taxonomy":"post_tag","embeddable":true,"href":"https:\/\/zonaroja.com.mx\/index.php?rest_route=%2Fwp%2Fv2%2Ftags&post=79594"}],"curies":[{"name":"wp","href":"https:\/\/api.w.org\/{rel}","templated":true}]}}