{"id":79599,"date":"2025-04-22T07:15:00","date_gmt":"2025-04-22T13:15:00","guid":{"rendered":"https:\/\/zonaroja.com.mx\/?p=79599"},"modified":"2025-04-22T07:02:14","modified_gmt":"2025-04-22T13:02:14","slug":"gana-murat-a-morenistas-de-oaxaca-y-se-queda-en-el-partido","status":"publish","type":"post","link":"https:\/\/zonaroja.com.mx\/?p=79599","title":{"rendered":"Gana Murat a morenistas de Oaxaca y se queda en el partido"},"content":{"rendered":"\n<p>Ismael Garc\u00eda M.\/Zona Roja.<\/p>\n\n\n\n<p>Oaxaca de Ju\u00e1rez, Oax., a 22 de abril de 2025.- Bajo la protecci\u00f3n de Andr\u00e9s Manuel L\u00f3pez Obrador y su hijo Andr\u00e9s L\u00f3pez Beltr\u00e1n, el ex priista y ex gobernador de Oaxaca, Alejandro Murat, se queda en el Partido Morena.<\/p>\n\n\n\n<p>As\u00ed lo determin\u00f3 la Comisi\u00f3n Nacional de Honestidad y Justicia de dicho instituto pol\u00edtico, que desech\u00f3 la petici\u00f3n presentada por el comit\u00e9 ejecutivo estatal de Oaxaca, que encabeza&nbsp;<\/p>\n\n\n\n<p>\u201cYo no interpuse una queja, qui\u00e9n interpuso una queja fue el comit\u00e9 estatal. Si t\u00fa me preguntas si estoy de acuerdo, claro que estoy de acuerdo por lo que hicieron y presentaron la queja.&nbsp;<\/p>\n\n\n\n<p>\u201cTengo entendido que la Comisi\u00f3n Nacional de Honestidad y Justicia ya resolvi\u00f3, desech\u00f3 el recurso pero tengo tambi\u00e9n entendido que ya se meti\u00f3 un recurso en contra de esa resoluci\u00f3n para que los tribunales de la Sala Xalapa, de la Sala Superior tambi\u00e9n, tiene ah\u00ed todo los elementos, hay pruebas, entonces esperamos a la resoluci\u00f3n de eso\u201d.<\/p>\n\n\n\n<p>Eso inform\u00f3 ayer el mandatario Salom\u00f3n Jara Cruz, a pregunta expresa durante su conferencia de prensa, en que reiter\u00f3 su rechazo a que el mexiquense Murat Hinojosa se integre al morenismo.<\/p>\n\n\n\n<p>Reiter\u00f3 que las impugnaciones se presentaron ante la Sala Xalapa y la Sala Superior del Tribunal Electoral del Poder Judicial de la Federaci\u00f3n (TEPJF) para que sean estas autoridades las que determinen el futuro de Alejandro Murat en Morena.<\/p>\n\n\n\n<p>Hasta el momento, ni el senador de Morena, Alejandro Murat, ni el comit\u00e9 ejecutivo estatal de Oaxaca, se han pronunciado al respecto de las impugnaciones en su contra para salir del partido guinda.<\/p>\n\n\n\n<p>Previo a que le entregaran su credencial, el hijo del ex gobernador Jos\u00e9 Murat Casab hab\u00eda presumido en redes sociales fotograf\u00edas, por separado, con Andr\u00e9s L\u00f3pez Beltr\u00e1n, integrante de la dirigencia de Morena, y Luisa Alcalde, presidenta nacional del partido.<\/p>\n\n\n\n<p>A finales de febrero, durante una visita a Tabasco, declar\u00f3 a los medios de comunicaci\u00f3n:<\/p>\n\n\n\n<p>\u201cLo que hay que decirles es que no tengan, al final, que la piel no sea tan delgada\u201d, al tiempo de agregar que en Morena lo han tratado \u201cde poca madre\u201d.<\/p>\n","protected":false},"excerpt":{"rendered":"<p>Ismael Garc\u00eda M.\/Zona Roja. Oaxaca de Ju\u00e1rez, Oax., a 22 de abril de 2025.- Bajo&hellip;<\/p>\n","protected":false},"author":2,"featured_media":79600,"comment_status":"closed","ping_status":"open","sticky":false,"template":"","format":"standard","meta":{"_lmt_disableupdate":"","_lmt_disable":"","_jetpack_memberships_contains_paid_content":false,"footnotes":""},"categories":[109,47],"tags":[173],"class_list":["post-79599","post","type-post","status-publish","format-standard","has-post-thumbnail","hentry","category-minuto-a-minuto","category-zona-gris","tag-alejandro-murat-hinojosa"],"jetpack_featured_media_url":"https:\/\/zonaroja.com.mx\/wp-content\/uploads\/2025\/04\/Alejandro-Murat-y-Lopez-Obrador.jpg","jetpack_sharing_enabled":true,"_links":{"self":[{"href":"https:\/\/zonaroja.com.mx\/index.php?rest_route=\/wp\/v2\/posts\/79599","targetHints":{"allow":["GET"]}}],"collection":[{"href":"https:\/\/zonaroja.com.mx\/index.php?rest_route=\/wp\/v2\/posts"}],"about":[{"href":"https:\/\/zonaroja.com.mx\/index.php?rest_route=\/wp\/v2\/types\/post"}],"author":[{"embeddable":true,"href":"https:\/\/zonaroja.com.mx\/index.php?rest_route=\/wp\/v2\/users\/2"}],"replies":[{"embeddable":true,"href":"https:\/\/zonaroja.com.mx\/index.php?rest_route=%2Fwp%2Fv2%2Fcomments&post=79599"}],"version-history":[{"count":1,"href":"https:\/\/zonaroja.com.mx\/index.php?rest_route=\/wp\/v2\/posts\/79599\/revisions"}],"predecessor-version":[{"id":79601,"href":"https:\/\/zonaroja.com.mx\/index.php?rest_route=\/wp\/v2\/posts\/79599\/revisions\/79601"}],"wp:featuredmedia":[{"embeddable":true,"href":"https:\/\/zonaroja.com.mx\/index.php?rest_route=\/wp\/v2\/media\/79600"}],"wp:attachment":[{"href":"https:\/\/zonaroja.com.mx\/index.php?rest_route=%2Fwp%2Fv2%2Fmedia&parent=79599"}],"wp:term":[{"taxonomy":"category","embeddable":true,"href":"https:\/\/zonaroja.com.mx\/index.php?rest_route=%2Fwp%2Fv2%2Fcategories&post=79599"},{"taxonomy":"post_tag","embeddable":true,"href":"https:\/\/zonaroja.com.mx\/index.php?rest_route=%2Fwp%2Fv2%2Ftags&post=79599"}],"curies":[{"name":"wp","href":"https:\/\/api.w.org\/{rel}","templated":true}]}}