{"id":79602,"date":"2025-04-22T08:15:00","date_gmt":"2025-04-22T14:15:00","guid":{"rendered":"https:\/\/zonaroja.com.mx\/?p=79602"},"modified":"2025-04-22T07:25:39","modified_gmt":"2025-04-22T13:25:39","slug":"recuperan-bomberos-seis-cuerpos-en-tezoatlan-hay-un-sobreviviente","status":"publish","type":"post","link":"https:\/\/zonaroja.com.mx\/?p=79602","title":{"rendered":"Recuperan Bomberos seis cuerpos en Tezoatl\u00e1n; hay un sobreviviente"},"content":{"rendered":"\n<p>Raymundo Morales\/Zona Roja.<\/p>\n\n\n\n<p>Oaxaca de Ju\u00e1rez, Oax., a 22 de abril de 2025.- Personal del Heroico Cuerpo de Bomberos de Oaxaca (HCBO) recuper\u00f3 los cuerpos de seis personas, que perdieron la vida en el interior de un pozo, en el municipio de Tezoatl\u00e1n de Segura y Luna, en la regi\u00f3n Mixteca del estado.&nbsp;<\/p>\n\n\n\n<p>En un comunicado, el Gobierno del Estado inform\u00f3 que en las primeras acciones se extrajo el cuerpo de una persona m\u00e1s y rescataron a un menor de 16 a\u00f1os con vida, el cual fue trasladado a un centro m\u00e9dico de la zona para recibir atenci\u00f3n especializada.<\/p>\n\n\n\n<p>En las v\u00edctimas se identific\u00f3 al propietario del predio, P. O. G., de 53 a\u00f1os; &nbsp;as\u00ed como, P. A. C., de 39; O. O. P. y J. M. E., ambos de 16 a\u00f1os.<\/p>\n\n\n\n<p>Adem\u00e1s, los polic\u00edas municipales: N. R. M., de 44 a\u00f1os y V. F. M., cuya edad no se conoce. Estos dos elementos habr\u00edan acudido al lugar para dar auxilio, sin embargo, quedaron tambi\u00e9n atrapados.<\/p>\n\n\n\n<p>Indic\u00f3 que la corporaci\u00f3n realiz\u00f3 la valoraci\u00f3n en el lugar para determinar la estrategia a implementar, dada la presencia de gases en el interior y de otros factores f\u00edsicos.&nbsp;<\/p>\n\n\n\n<p>La Secretar\u00eda de Seguridad y Protecci\u00f3n Ciudadana (SSPC) se\u00f1al\u00f3 que, tras recibir el reporte sobre la ca\u00edda &nbsp;de un padre de familia y sus dos hijos al interior del pozo, moviliz\u00f3 a un equipo de Bomberos especialista en rescate, quienes atendieron esta emergencia de manera pronta y eficiente.<\/p>\n","protected":false},"excerpt":{"rendered":"<p>Raymundo Morales\/Zona Roja. Oaxaca de Ju\u00e1rez, Oax., a 22 de abril de 2025.- Personal del&hellip;<\/p>\n","protected":false},"author":2,"featured_media":79603,"comment_status":"closed","ping_status":"open","sticky":false,"template":"","format":"standard","meta":{"_lmt_disableupdate":"","_lmt_disable":"","_jetpack_memberships_contains_paid_content":false,"footnotes":""},"categories":[109,47],"tags":[1936],"class_list":["post-79602","post","type-post","status-publish","format-standard","has-post-thumbnail","hentry","category-minuto-a-minuto","category-zona-gris","tag-tezoatlan-de-segura-y-luna"],"jetpack_featured_media_url":"https:\/\/zonaroja.com.mx\/wp-content\/uploads\/2025\/04\/Rescate-Bomberos-Tezoatlan.jpg","jetpack_sharing_enabled":true,"_links":{"self":[{"href":"https:\/\/zonaroja.com.mx\/index.php?rest_route=\/wp\/v2\/posts\/79602","targetHints":{"allow":["GET"]}}],"collection":[{"href":"https:\/\/zonaroja.com.mx\/index.php?rest_route=\/wp\/v2\/posts"}],"about":[{"href":"https:\/\/zonaroja.com.mx\/index.php?rest_route=\/wp\/v2\/types\/post"}],"author":[{"embeddable":true,"href":"https:\/\/zonaroja.com.mx\/index.php?rest_route=\/wp\/v2\/users\/2"}],"replies":[{"embeddable":true,"href":"https:\/\/zonaroja.com.mx\/index.php?rest_route=%2Fwp%2Fv2%2Fcomments&post=79602"}],"version-history":[{"count":1,"href":"https:\/\/zonaroja.com.mx\/index.php?rest_route=\/wp\/v2\/posts\/79602\/revisions"}],"predecessor-version":[{"id":79604,"href":"https:\/\/zonaroja.com.mx\/index.php?rest_route=\/wp\/v2\/posts\/79602\/revisions\/79604"}],"wp:featuredmedia":[{"embeddable":true,"href":"https:\/\/zonaroja.com.mx\/index.php?rest_route=\/wp\/v2\/media\/79603"}],"wp:attachment":[{"href":"https:\/\/zonaroja.com.mx\/index.php?rest_route=%2Fwp%2Fv2%2Fmedia&parent=79602"}],"wp:term":[{"taxonomy":"category","embeddable":true,"href":"https:\/\/zonaroja.com.mx\/index.php?rest_route=%2Fwp%2Fv2%2Fcategories&post=79602"},{"taxonomy":"post_tag","embeddable":true,"href":"https:\/\/zonaroja.com.mx\/index.php?rest_route=%2Fwp%2Fv2%2Ftags&post=79602"}],"curies":[{"name":"wp","href":"https:\/\/api.w.org\/{rel}","templated":true}]}}