{"id":79605,"date":"2025-04-22T09:30:00","date_gmt":"2025-04-22T15:30:00","guid":{"rendered":"https:\/\/zonaroja.com.mx\/?p=79605"},"modified":"2025-04-22T07:30:39","modified_gmt":"2025-04-22T13:30:39","slug":"en-abril-suman-seis-turistas-desaparecidos-en-mazatlan-sinaloa","status":"publish","type":"post","link":"https:\/\/zonaroja.com.mx\/?p=79605","title":{"rendered":"En abril suman seis turistas desaparecidos en Mazatl\u00e1n, Sinaloa"},"content":{"rendered":"\n<p>Redacci\u00f3n\/Zona Roja Cdmx.<\/p>\n\n\n\n<p>Ciudad de M\u00e9xico, a 22 de abril de 2025.- En lo que va de abril se report\u00f3 la desaparici\u00f3n de 6 hombres en Mazatl\u00e1n, todos turistas. El caso m\u00e1s reciente ocurri\u00f3 este 19 de abril.<\/p>\n\n\n\n<p>Familiares reportaron que Erick Mijali Carrillo Villegas viaj\u00f3 de Culiac\u00e1n a Mazatl\u00e1n para disfrutar de las vacaciones de Semana Santa.<\/p>\n\n\n\n<p>Pero que el S\u00e1bado de Gloria fue \u2018levantado\u2019 cuando circulaba a bordo de un Mustang negro sobre la Avenida Paseo Atl\u00e1ntico.<\/p>\n\n\n\n<p>Sujetos armados habr\u00edan interceptado al joven de 22 a\u00f1os, quien estaba acompa\u00f1ado de Efra\u00edn Ram\u00edrez Ruiz y Alfonso Arredondo Zazueta.<\/p>\n\n\n\n<p>Los tres j\u00f3venes fueron llevados por la fuerza y desde entonces se desconoce su paradero.<\/p>\n\n\n\n<p>Erick Mijali es sobrino del periodista Pa\u00fal Villegas, quien ha solicitado ayuda en redes sociales para la localizaci\u00f3n del joven.<\/p>\n\n\n\n<p>D\u00edas atr\u00e1s, el 7 de abril, se report\u00f3 la desaparici\u00f3n en Mazatl\u00e1n de tres turistas originarios de Quer\u00e9taro.<\/p>\n\n\n\n<p>Los hermanos Santiago y Carlos Enrique S\u00e1nchez Rodr\u00edguez, junto a su amigo Jos\u00e9 Isa\u00edas Garc\u00eda Rosey, llegaron a Mazatl\u00e1n el d\u00eda 3 para pasar un fin de semana en la playa.<\/p>\n\n\n\n<p>El d\u00eda 7 emprendieron el regreso a su natal San Juan del R\u00edo, pero sus familias perdieron comunicaci\u00f3n con ellos, cuando viajaban por una desviaci\u00f3n del municipio de Concordia.<\/p>\n\n\n\n<p>A m\u00e1s de diez d\u00edas de su desaparici\u00f3n no se sabe nada de los j\u00f3venes.<\/p>\n\n\n\n<p>(Con informaci\u00f3n de \u201cEl Sol\u201d de Mazatl\u00e1n y \u201cEl Universal\u201d, en L\u00f3pez-D\u00f3riga Digital)<\/p>\n","protected":false},"excerpt":{"rendered":"<p>Redacci\u00f3n\/Zona Roja Cdmx. Ciudad de M\u00e9xico, a 22 de abril de 2025.- En lo que&hellip;<\/p>\n","protected":false},"author":2,"featured_media":79606,"comment_status":"closed","ping_status":"open","sticky":false,"template":"","format":"standard","meta":{"_lmt_disableupdate":"","_lmt_disable":"","_jetpack_memberships_contains_paid_content":false,"footnotes":""},"categories":[109,47],"tags":[3137],"class_list":["post-79605","post","type-post","status-publish","format-standard","has-post-thumbnail","hentry","category-minuto-a-minuto","category-zona-gris","tag-mazatlan"],"jetpack_featured_media_url":"https:\/\/zonaroja.com.mx\/wp-content\/uploads\/2025\/04\/Desaparecidos-en-Mazatlan-Sinaloa.jpg","jetpack_sharing_enabled":true,"_links":{"self":[{"href":"https:\/\/zonaroja.com.mx\/index.php?rest_route=\/wp\/v2\/posts\/79605","targetHints":{"allow":["GET"]}}],"collection":[{"href":"https:\/\/zonaroja.com.mx\/index.php?rest_route=\/wp\/v2\/posts"}],"about":[{"href":"https:\/\/zonaroja.com.mx\/index.php?rest_route=\/wp\/v2\/types\/post"}],"author":[{"embeddable":true,"href":"https:\/\/zonaroja.com.mx\/index.php?rest_route=\/wp\/v2\/users\/2"}],"replies":[{"embeddable":true,"href":"https:\/\/zonaroja.com.mx\/index.php?rest_route=%2Fwp%2Fv2%2Fcomments&post=79605"}],"version-history":[{"count":1,"href":"https:\/\/zonaroja.com.mx\/index.php?rest_route=\/wp\/v2\/posts\/79605\/revisions"}],"predecessor-version":[{"id":79607,"href":"https:\/\/zonaroja.com.mx\/index.php?rest_route=\/wp\/v2\/posts\/79605\/revisions\/79607"}],"wp:featuredmedia":[{"embeddable":true,"href":"https:\/\/zonaroja.com.mx\/index.php?rest_route=\/wp\/v2\/media\/79606"}],"wp:attachment":[{"href":"https:\/\/zonaroja.com.mx\/index.php?rest_route=%2Fwp%2Fv2%2Fmedia&parent=79605"}],"wp:term":[{"taxonomy":"category","embeddable":true,"href":"https:\/\/zonaroja.com.mx\/index.php?rest_route=%2Fwp%2Fv2%2Fcategories&post=79605"},{"taxonomy":"post_tag","embeddable":true,"href":"https:\/\/zonaroja.com.mx\/index.php?rest_route=%2Fwp%2Fv2%2Ftags&post=79605"}],"curies":[{"name":"wp","href":"https:\/\/api.w.org\/{rel}","templated":true}]}}