{"id":79613,"date":"2025-04-22T12:28:00","date_gmt":"2025-04-22T18:28:00","guid":{"rendered":"https:\/\/zonaroja.com.mx\/?p=79613"},"modified":"2025-04-22T09:29:16","modified_gmt":"2025-04-22T15:29:16","slug":"opinion-mi-reino-secreto","status":"publish","type":"post","link":"https:\/\/zonaroja.com.mx\/?p=79613","title":{"rendered":"Opini\u00f3n. Mi reino secreto"},"content":{"rendered":"\n<p>Flavio Sosa Villavicencio*<\/p>\n\n\n\n<p>Tomo de la mano \u2014o m\u00e1s bien del mandil\u2014 a mi abuela paterna y me conduce, como quien abre un portal, hacia los mercados de Veinte de noviembre y Benito Ju\u00e1rez.<\/p>\n\n\n\n<p>A\u00fan no exist\u00eda la Central de Abastos, y los pasillos de esos dos mercados eran mi reino secreto.<\/p>\n\n\n\n<p>El s\u00e1bado era un premio: pasear entre aromas que cerraban mis ojos y abr\u00edan mi alma.<\/p>\n\n\n\n<p>Los olores me ense\u00f1aban a imaginar. Adivinaba frutas, hierbas, moles.<\/p>\n\n\n\n<p>Ella endulzaba mi traves\u00eda con un brebaje que rozaba lo m\u00e1gico: el esquimo.<\/p>\n\n\n\n<p>En la refresquer\u00eda Veracruz \u2014justo donde se besan las calles de Flores Mag\u00f3n y Las Casas\u2014,<\/p>\n\n\n\n<p>unas m\u00e1quinas giraban como relojes del futuro, espumando el chocolate que me hablaba en lengua antigua.<\/p>\n\n\n\n<p>Pienso que mi abuela jam\u00e1s supo que Neruda escribir\u00eda: \u201cM\u00e9xico est\u00e1 en los mercados\u201d.<\/p>\n\n\n\n<p>Y es verdad. M\u00e9xico no canta solo en los clich\u00e9s del cine;<\/p>\n\n\n\n<p>M\u00e9xico vibra en el aire tibio del pasillo del humo,<\/p>\n\n\n\n<p>ah\u00ed donde regres\u00e9 hoy, como quien camina un sue\u00f1o antiguo.<\/p>\n\n\n\n<p>Pens\u00e9 primero en ella, mi abuela Celestina, despu\u00e9s en mi madre, Irene.<\/p>\n\n\n\n<p>Y en ese hilo invisible que las une a m\u00ed, tej\u00ed la memoria como Rodolfo Morales pinta la suya:<\/p>\n\n\n\n<p>con mujeres que caminan por los tejados como si fueran recuerdos con cuerpo,<\/p>\n\n\n\n<p>con mercados suspendidos en la bruma del color,<\/p>\n\n\n\n<p>y \u00e1rboles que parecen guardar secretos entre sus ramas.<\/p>\n\n\n\n<p>En su libro \u2018Las vidas de los m\u00e1s excelentes arquitectos, pintores y escultores italianos desde Cimabue a nuestros tiempos\u2019, el italiano Giorgio Vasari nos cuenta que Giotto fue descubierto por Cimabue mientras dibujaba ovejas de su reba\u00f1o pastando en el campo. Recurro a Vasari porque es \u00e9l quien en dicho libro menciona que todos los pintores tienen una deuda con la naturaleza. En el caso de Rodolfo Morales, el pintor oaxaque\u00f1o, su deuda es tambi\u00e9n con la comunidad de Ocotl\u00e1n de Morelos, Oaxaca. Pero m\u00e1s que una deuda, el pintor tiene una visi\u00f3n que se nutre de aquello que ve, que respira, que escucha mientras acompa\u00f1a a su madre, mientras se esconde en las mesas, mientras camina y recorre las calles del pueblo mirando esas nubes que parecen c\u00famulos de piedras muy blancas y gigantescas. En Oaxaca es la luz lo que nos incita a vivir en otro tiempo. En un tiempo cuya influencia tiene que ver con el calor, los \u00e1rboles y s\u00ed, la luz. Miguel Cabrera, el otro pintor de \u00e1ngeles, pudo ser influencia para Rodolfo Morales. Pero los \u00e1ngeles de Miguel Cabrera intentan representar las virtudes a trav\u00e9s de la belleza y la perfecci\u00f3n. Los \u00e1ngeles de Morales, el pintor de Ocotl\u00e1n, tienen que ver con la gentileza y la alegr\u00eda de quienes viven en comunidad.<\/p>\n\n\n\n<p>En su cuadro El duelo, Morales no retrata solo una escena oaxaque\u00f1a, retrata un rito: de nuevo las mujeres ocupan el centro.&nbsp;Retrata las inquietudes estil\u00edsticas de Rodolfo Morales.&nbsp;<\/p>\n\n\n\n<p>Lo on\u00edrico simb\u00f3lico la mirada del pintor ante la muerte y la memoria colectiva.<\/p>\n\n\n\n<p>Arcos y mujeres que sostienen al mundo.<\/p>\n\n\n\n<p>As\u00ed recuerdo a mi abuela. As\u00ed recuerdo a mi madre.<\/p>\n\n\n\n<p>Como figuras que caminan por el fondo de mi propia pintura interior.<\/p>\n\n\n\n<p>Y en medio de todo, la oraci\u00f3n que me ense\u00f1aron ambas \u2014una s\u00faplica susurrada a un \u00e1ngel\u2014se alza como un hilo de luz que todav\u00eda repito, ojos cerrados, cuando quiero regresar.<\/p>\n\n\n\n<p>*Activista social y titular de la Secretar\u00eda de las Culturas de Oaxaca.<\/p>\n","protected":false},"excerpt":{"rendered":"<p>Flavio Sosa Villavicencio* Tomo de la mano \u2014o m\u00e1s bien del mandil\u2014 a mi abuela&hellip;<\/p>\n","protected":false},"author":2,"featured_media":72276,"comment_status":"closed","ping_status":"open","sticky":false,"template":"","format":"standard","meta":{"_lmt_disableupdate":"","_lmt_disable":"","_jetpack_memberships_contains_paid_content":false,"footnotes":""},"categories":[456,109],"tags":[685],"class_list":["post-79613","post","type-post","status-publish","format-standard","has-post-thumbnail","hentry","category-columna","category-minuto-a-minuto","tag-flavio-sosa-villavicencio"],"jetpack_featured_media_url":"https:\/\/zonaroja.com.mx\/wp-content\/uploads\/2024\/09\/Flavio-Sosa-Villavicencio.jpeg","jetpack_sharing_enabled":true,"_links":{"self":[{"href":"https:\/\/zonaroja.com.mx\/index.php?rest_route=\/wp\/v2\/posts\/79613","targetHints":{"allow":["GET"]}}],"collection":[{"href":"https:\/\/zonaroja.com.mx\/index.php?rest_route=\/wp\/v2\/posts"}],"about":[{"href":"https:\/\/zonaroja.com.mx\/index.php?rest_route=\/wp\/v2\/types\/post"}],"author":[{"embeddable":true,"href":"https:\/\/zonaroja.com.mx\/index.php?rest_route=\/wp\/v2\/users\/2"}],"replies":[{"embeddable":true,"href":"https:\/\/zonaroja.com.mx\/index.php?rest_route=%2Fwp%2Fv2%2Fcomments&post=79613"}],"version-history":[{"count":1,"href":"https:\/\/zonaroja.com.mx\/index.php?rest_route=\/wp\/v2\/posts\/79613\/revisions"}],"predecessor-version":[{"id":79614,"href":"https:\/\/zonaroja.com.mx\/index.php?rest_route=\/wp\/v2\/posts\/79613\/revisions\/79614"}],"wp:featuredmedia":[{"embeddable":true,"href":"https:\/\/zonaroja.com.mx\/index.php?rest_route=\/wp\/v2\/media\/72276"}],"wp:attachment":[{"href":"https:\/\/zonaroja.com.mx\/index.php?rest_route=%2Fwp%2Fv2%2Fmedia&parent=79613"}],"wp:term":[{"taxonomy":"category","embeddable":true,"href":"https:\/\/zonaroja.com.mx\/index.php?rest_route=%2Fwp%2Fv2%2Fcategories&post=79613"},{"taxonomy":"post_tag","embeddable":true,"href":"https:\/\/zonaroja.com.mx\/index.php?rest_route=%2Fwp%2Fv2%2Ftags&post=79613"}],"curies":[{"name":"wp","href":"https:\/\/api.w.org\/{rel}","templated":true}]}}