{"id":79615,"date":"2025-04-22T17:17:05","date_gmt":"2025-04-22T23:17:05","guid":{"rendered":"https:\/\/zonaroja.com.mx\/?p=79615"},"modified":"2025-04-22T17:17:07","modified_gmt":"2025-04-22T23:17:07","slug":"fiscalia-de-oaxaca-catea-domicilio-en-teotitlan-halla-drogas-y-detiene-a-dos","status":"publish","type":"post","link":"https:\/\/zonaroja.com.mx\/?p=79615","title":{"rendered":"Fiscal\u00eda de Oaxaca catea domicilio en Teotitl\u00e1n; halla drogas y detiene a dos"},"content":{"rendered":"\n<p>Redacci\u00f3n\/Zona Roja.&nbsp;<\/p>\n\n\n\n<p>Oaxaca de Ju\u00e1rez a 22 de abril de 2025.- Como parte de las labores de investigaci\u00f3n ministerial para fortalecer los trabajos de procuraci\u00f3n de justicia que realiza la Fiscal\u00eda General del Estado de Oaxaca (FGEO), en colaboraci\u00f3n interinstitucional, dio cumplimiento a una orden de cateo que se realiz\u00f3 de manera coordinada en la regi\u00f3n de la Sierra de Flores Mag\u00f3n, logrando la detenci\u00f3n de dos personas, as\u00ed como el aseguramiento de diversas dosis de drogas y objetos constitutivos del delito.<\/p>\n\n\n\n<p>El mandato judicial, se realiz\u00f3 en un domicilio ubicado en la colonia Guadalupe jurisdicci\u00f3n del municipio de Teotitl\u00e1n de Flores Mag\u00f3n, donde se aseguraron diversas dosis de droga conocida como cristal y marihuana, as\u00ed como la detenci\u00f3n de dos personas del sexo masculino identificados como E.G.M. y E.G.R.<\/p>\n\n\n\n<p>Este despliegue estrat\u00e9gico de seguridad, se realiz\u00f3 en estrecha coordinaci\u00f3n entre elementos de la Agencia Estatal de Investigaciones (AEI), Secretar\u00eda de la Defensa Nacional (DEFENSA), Polic\u00eda Estatal y Guardia Nacional (GN), y deriva de investigaciones realizadas en torno al delito contra la salud en su modalidad de narcomenudeo con fines de venta.<\/p>\n\n\n\n<p>Las personas detenidas y los objetos asegurados quedaron a disposici\u00f3n de la autoridad ministerial correspondiente para resolver su situaci\u00f3n jur\u00eddica.<\/p>\n\n\n\n<p>CASO \u201cMANUEL\u00d3N\u201d<\/p>\n\n\n\n<p>En otro caso, la Fiscal\u00eda General dio cumplimiento a una orden de reaprehensi\u00f3n gracias a la cual se logr\u00f3 la detenci\u00f3n de L.M.V.S., alias \u201cEl Manuel\u00f3n\u201d, por el delito de Homicidio Calificado con Premeditaci\u00f3n, Ventaja y Traici\u00f3n, cometido en Santiaguito Etla.<\/p>\n\n\n\n<p>De acuerdo con el expediente penal del caso, los hechos ocurrieron 19 de febrero de 2015, al interior de las oficinas de la CTM del municipio de Santiaguito Etla, donde los agresores realizaron disparos de arma de fuego y atacaron con un machete a la v\u00edctima -identificada por las iniciales R.S.M.-, quien perdi\u00f3 la vida a consecuencia de las lesiones que infligieron.<\/p>\n\n\n\n<p>Ante los hechos, la FGEO inici\u00f3 las investigaciones correspondientes, a cargo de la Vicefiscal\u00eda General de Control Regional, que luego de presentar las pruebas ante el Juez que atiende la causa, obtuvo una orden de reaprehensi\u00f3n.<\/p>\n\n\n\n<p>Elementos del Grupo de Operaciones T\u00e1cticas de la Agencia Estatal de Investigaciones (AEI) se dieron a la tarea de localizar al imputado y posteriormente desplegar un operativo gracias al cual se logr\u00f3 la detenci\u00f3n L.M.V.S., alias \u201cEl Manuel\u00f3n\u201d, al dar cumplimiento al mandato judicial.<\/p>\n\n\n\n<p>Luego de su captura, el detenido fue puesto a disposici\u00f3n del Juez que lo requiri\u00f3 para que resuelva su situaci\u00f3n jur\u00eddica por el delito de Homicidio Calificado con Premeditaci\u00f3n, Ventaja y Traici\u00f3n.<\/p>\n\n\n\n<p>En tanto, la FGEO revisa los antecedentes de L.M.V.S., alias \u201cEl Manuel\u00f3n\u201d, pues podr\u00eda estar involucrado en diferentes delitos del fuero com\u00fan, as\u00ed como del fuero federal, vinculados con c\u00e9lulas delictivas locales que operan principalmente en la Costa de Oaxaca.<\/p>\n\n\n\n<p>OPERATIVO EN LA COSTA<\/p>\n\n\n\n<p>Por otra parte, la Fiscal\u00eda General particip\u00f3 en un operativo interinstitucional llevado a cabo en la regi\u00f3n de la Costa, gracias al cual se logr\u00f3 el aseguramiento de cinco veh\u00edculos irregulares adem\u00e1s que se dio cumplimiento a una orden de aprehensi\u00f3n en contra de una persona del sexo masculino identificado como P.S.P.V., por el delito de Despojo y Robo.<\/p>\n\n\n\n<p>Este operativo coordinado estuvo conformado por elementos de la Agencia Estatal de Investigaciones (AEI) adscritos a la Vicefiscal\u00eda Regional de la Costa y la Polic\u00eda Vial Estatal de la Secretar\u00eda de Seguridad y Protecci\u00f3n Ciudadana (SSPC), en el que se logr\u00f3 el aseguramiento de cinco autom\u00f3viles y cuatro motocicletas por faltas a la ley de tr\u00e1nsito y vialidad.<\/p>\n\n\n\n<p>Estos despliegues estrat\u00e9gicos que consisten en recorridos de disuasi\u00f3n y vigilancia, as\u00ed como la instalaci\u00f3n de filtros de seguridad, son acciones que forman parte de la estrategia de seguridad e investigaci\u00f3n ministerial para fortalecer las acciones de procuraci\u00f3n de justicia en la entidad.<\/p>\n\n\n\n<p>En tanto que, la detenci\u00f3n de P.S.P.V., deriva de hechos ocurridos en enero de 2023, cuando la v\u00edctima, un hombre identificado como C.H.R., fue despojado de un predio ubicado en la calle Uni\u00f3n de la colonia Marinero del municipio de Santa Mar\u00eda Colotepec.<\/p>\n\n\n\n<p>POR FEMINICIDIO<\/p>\n\n\n\n<p>En tanto, en colaboraci\u00f3n interinstitucional con la Fiscal\u00eda del Estado de Quer\u00e9taro, la instituci\u00f3n oaxaque\u00f1a ejecut\u00f3 una orden de aprehensi\u00f3n que permiti\u00f3 la detenci\u00f3n de una persona del sexo masculino identificado como F.R.H., por el delito de feminicidio, ocurrido en la regi\u00f3n del Istmo.<\/p>\n\n\n\n<p>La detenci\u00f3n de F.R.H., fue efectuada por la Polic\u00eda Ministerial de la Fiscal\u00eda de Quer\u00e9taro cuando se encontraba en la colonia Loma Linda de San Juan del R\u00edo de aquella entidad.<\/p>\n\n\n\n<p>De acuerdo con el expediente penal del caso, los hechos ocurrieron el 13 de enero de 2018, cuando la v\u00edctima identificada con iniciales G.C.C.M., fue trasladada a bordo de un veh\u00edculo de motor el cual parti\u00f3 de su domicilio ubicado en la poblaci\u00f3n de Chahuites al municipio de Zanatepec y, posteriormente a San Pedro Tapanatepec en la regi\u00f3n del Istmo.<\/p>\n\n\n\n<p>La investigaci\u00f3n revela que la v\u00edctima nunca regres\u00f3 a su domicilio, y fue hasta el siguiente d\u00eda, es decir, el 14 de enero, que apareci\u00f3 en un hospital de la ciudad de Arriaga, Chiapas, presentando diversas lesiones que le provocaron la muerte el 23 de enero de 2018.<\/p>\n\n\n\n<p>Una vez que la FGEO tom\u00f3 conocimiento del caso, inici\u00f3 las investigaciones a trav\u00e9s de la Vicefiscal\u00eda Regional del Istmo logrando obtener una orden de aprehensi\u00f3n en contra de F.R.H.<\/p>\n\n\n\n<p>Tras realizar las labores de localizaci\u00f3n, se pudo establecer que F.R.H. se encontraba en el estado de Quer\u00e9taro, por lo que se solicit\u00f3 la colaboraci\u00f3n con la Fiscal\u00eda de aquella entidad para la ejecuci\u00f3n de la orden de aprehensi\u00f3n en su contra por lo que, una vez detenido, se iniciaron los tr\u00e1mites administrativos para su trasladado a Oaxaca y con ello, ser puesto a disposici\u00f3n de la autoridad ministerial correspondiente para su proceso legal.<\/p>\n","protected":false},"excerpt":{"rendered":"<p>Redacci\u00f3n\/Zona Roja.&nbsp; Oaxaca de Ju\u00e1rez a 22 de abril de 2025.- Como parte de las&hellip;<\/p>\n","protected":false},"author":2,"featured_media":79616,"comment_status":"closed","ping_status":"open","sticky":false,"template":"","format":"standard","meta":{"_lmt_disableupdate":"","_lmt_disable":"","_jetpack_memberships_contains_paid_content":false,"footnotes":""},"categories":[109,46],"tags":[494],"class_list":["post-79615","post","type-post","status-publish","format-standard","has-post-thumbnail","hentry","category-minuto-a-minuto","category-zona-blanca","tag-fiscalia-general-del-estado-de-oaxaca"],"jetpack_featured_media_url":"https:\/\/zonaroja.com.mx\/wp-content\/uploads\/2025\/04\/Detenido-Teotitlan.jpeg","jetpack_sharing_enabled":true,"_links":{"self":[{"href":"https:\/\/zonaroja.com.mx\/index.php?rest_route=\/wp\/v2\/posts\/79615","targetHints":{"allow":["GET"]}}],"collection":[{"href":"https:\/\/zonaroja.com.mx\/index.php?rest_route=\/wp\/v2\/posts"}],"about":[{"href":"https:\/\/zonaroja.com.mx\/index.php?rest_route=\/wp\/v2\/types\/post"}],"author":[{"embeddable":true,"href":"https:\/\/zonaroja.com.mx\/index.php?rest_route=\/wp\/v2\/users\/2"}],"replies":[{"embeddable":true,"href":"https:\/\/zonaroja.com.mx\/index.php?rest_route=%2Fwp%2Fv2%2Fcomments&post=79615"}],"version-history":[{"count":1,"href":"https:\/\/zonaroja.com.mx\/index.php?rest_route=\/wp\/v2\/posts\/79615\/revisions"}],"predecessor-version":[{"id":79617,"href":"https:\/\/zonaroja.com.mx\/index.php?rest_route=\/wp\/v2\/posts\/79615\/revisions\/79617"}],"wp:featuredmedia":[{"embeddable":true,"href":"https:\/\/zonaroja.com.mx\/index.php?rest_route=\/wp\/v2\/media\/79616"}],"wp:attachment":[{"href":"https:\/\/zonaroja.com.mx\/index.php?rest_route=%2Fwp%2Fv2%2Fmedia&parent=79615"}],"wp:term":[{"taxonomy":"category","embeddable":true,"href":"https:\/\/zonaroja.com.mx\/index.php?rest_route=%2Fwp%2Fv2%2Fcategories&post=79615"},{"taxonomy":"post_tag","embeddable":true,"href":"https:\/\/zonaroja.com.mx\/index.php?rest_route=%2Fwp%2Fv2%2Ftags&post=79615"}],"curies":[{"name":"wp","href":"https:\/\/api.w.org\/{rel}","templated":true}]}}