{"id":79618,"date":"2025-04-22T17:20:59","date_gmt":"2025-04-22T23:20:59","guid":{"rendered":"https:\/\/zonaroja.com.mx\/?p=79618"},"modified":"2025-04-22T18:23:34","modified_gmt":"2025-04-23T00:23:34","slug":"demandan-alto-a-la-criminalizacion-contra-opositores-al-corredor-interoceanico","status":"publish","type":"post","link":"https:\/\/zonaroja.com.mx\/?p=79618","title":{"rendered":"Demandan alto a la criminalizaci\u00f3n contra opositores al Corredor Interoce\u00e1nico"},"content":{"rendered":"\n<p>Redacci\u00f3n\/Zona Roja Cdmx.<\/p>\n\n\n\n<p>Ciudad de M\u00e9xico, a 22 de abril de 2025.-En el contexto del D\u00eda Mundial de la Madre Tierra, m\u00e1s de 20 organizaciones ind\u00edgenas, ambientales y de derechos humanos exigieron este martes en un comunicado alto a la criminalizaci\u00f3n de 24 integrantes de las comunidades Ayuujk y Binizaa, en el Istmo de Tehuantepec, Oaxaca, por rechazar la ampliaci\u00f3n del ferrocarril del Corredor Interoce\u00e1nico.&nbsp;<\/p>\n\n\n\n<p>Jos\u00e9 Alberto Cayetano Matus, integrante de la Uni\u00f3n de Comunidades Ind\u00edgenas de la Zona Norte del Istmo de Tehuantepec, se\u00f1al\u00f3, al leer el texto, que en el caso de la comunidad de Mogo\u00f1\u00e9 Viejo, municipio San Juan Guichicovi, 16 mujeres y hombres ind\u00edgenas son acusadas del delito de ataques a las v\u00edas de comunicaci\u00f3n por evitar con un plant\u00f3n en 2019 la construcci\u00f3n del tren en sus territorios.&nbsp;<\/p>\n\n\n\n<p>Frente a las instalaciones del Museo Nacional de Antropolog\u00eda e Historia, Cayetano apunt\u00f3 que otras ocho personas de Rinc\u00f3n Viejo, municipio Petapa, enfrentan procesos penales por el delito de invasi\u00f3n de Derechos de V\u00eda. El defensor, v\u00edctima en el caso, destac\u00f3 que la acusaci\u00f3n se presenta como una represalia a su negativa de desalojar sus viviendas, tras oponerse a aceptar un pago \u00fanico que no compensa de manera justa el valor de su patrimonio.&nbsp;<\/p>\n\n\n\n<p>Al dar lectura al documento, Juana Ram\u00edrez Villegaz, otra de las acusadas e integrante de la uni\u00f3n, destac\u00f3 que el informe emitido hace dos a\u00f1os por la Misi\u00f3n Civil de Observaci\u00f3n, creada por varias organizaciones nacionales e internacionales en 2022, destaca la gravedad de las agresiones perpetradas por funcionarios de los diferentes niveles de gobierno.&nbsp;<\/p>\n\n\n\n<p>Entre ellas, seg\u00fan el comunicado, figura el uso del poder punitivo del Estado a trav\u00e9s de la apertura de carpetas de investigaci\u00f3n en contra de al menos 55 personas defensoras de los territorios en la regi\u00f3n del Istmo.&nbsp;<\/p>\n\n\n\n<p>Las comunidades y organizaciones tambi\u00e9n apuntaron que ninguna de las recomendaciones emitidas por la Secretar\u00eda de Medio Ambiente y Recursos Naturales, orientadas a mitigar los impactos ambientales del Corredor Interoce\u00e1nico, han sido acatadas por el Ferrocarril del Istmo de Tehuantepec y las empresas que han estado involucradas en las diferentes obras, subray\u00f3 Ram\u00edrez.&nbsp;<\/p>\n\n\n\n<p>Las agrupaciones firmantes solicitaron a las autoridades federales establecer una mesa de di\u00e1logo e intervenir para detener la criminalizaci\u00f3n, desistir de las acciones penales e imputaciones contra sus miembros y reforzar y actualizar las medidas de protecci\u00f3n otorgadas a quienes forman parte de la Uni\u00f3n de Comunidades Ind\u00edgenas de la Zona Norte del Istmo de Tehuantepec.&nbsp;<\/p>\n\n\n\n<p>Silvia Ruiz, integrante de la organizaci\u00f3n Art\u00edculo 19, uno de los signatarios, resalt\u00f3 que los 24 \u201cdefensores leg\u00edtimos de la tierra, el agua y la vida\u201d enfrentan acusaciones penales simplemente por proteger su territorio frente al avance de un megaproyecto impuesto. \u201cLo que deber\u00eda de ser un derecho: defender un territorio, exigir informaci\u00f3n o participar en las decisiones que afectan en sus vidas, han sido convertido en un delito.<\/p>\n\n\n\n<p>(Informaci\u00f3n de \u201cLa Jornada\u201d)<\/p>\n","protected":false},"excerpt":{"rendered":"<p>Redacci\u00f3n\/Zona Roja Cdmx. Ciudad de M\u00e9xico, a 22 de abril de 2025.-En el contexto del&hellip;<\/p>\n","protected":false},"author":2,"featured_media":76792,"comment_status":"closed","ping_status":"open","sticky":false,"template":"","format":"standard","meta":{"_lmt_disableupdate":"","_lmt_disable":"","_jetpack_memberships_contains_paid_content":false,"footnotes":""},"categories":[109,47],"tags":[],"class_list":["post-79618","post","type-post","status-publish","format-standard","has-post-thumbnail","hentry","category-minuto-a-minuto","category-zona-gris"],"jetpack_featured_media_url":"https:\/\/zonaroja.com.mx\/wp-content\/uploads\/2025\/01\/Protesta-corredor-interoceanico-Ucizoni.jpeg","jetpack_sharing_enabled":true,"_links":{"self":[{"href":"https:\/\/zonaroja.com.mx\/index.php?rest_route=\/wp\/v2\/posts\/79618","targetHints":{"allow":["GET"]}}],"collection":[{"href":"https:\/\/zonaroja.com.mx\/index.php?rest_route=\/wp\/v2\/posts"}],"about":[{"href":"https:\/\/zonaroja.com.mx\/index.php?rest_route=\/wp\/v2\/types\/post"}],"author":[{"embeddable":true,"href":"https:\/\/zonaroja.com.mx\/index.php?rest_route=\/wp\/v2\/users\/2"}],"replies":[{"embeddable":true,"href":"https:\/\/zonaroja.com.mx\/index.php?rest_route=%2Fwp%2Fv2%2Fcomments&post=79618"}],"version-history":[{"count":2,"href":"https:\/\/zonaroja.com.mx\/index.php?rest_route=\/wp\/v2\/posts\/79618\/revisions"}],"predecessor-version":[{"id":79620,"href":"https:\/\/zonaroja.com.mx\/index.php?rest_route=\/wp\/v2\/posts\/79618\/revisions\/79620"}],"wp:featuredmedia":[{"embeddable":true,"href":"https:\/\/zonaroja.com.mx\/index.php?rest_route=\/wp\/v2\/media\/76792"}],"wp:attachment":[{"href":"https:\/\/zonaroja.com.mx\/index.php?rest_route=%2Fwp%2Fv2%2Fmedia&parent=79618"}],"wp:term":[{"taxonomy":"category","embeddable":true,"href":"https:\/\/zonaroja.com.mx\/index.php?rest_route=%2Fwp%2Fv2%2Fcategories&post=79618"},{"taxonomy":"post_tag","embeddable":true,"href":"https:\/\/zonaroja.com.mx\/index.php?rest_route=%2Fwp%2Fv2%2Ftags&post=79618"}],"curies":[{"name":"wp","href":"https:\/\/api.w.org\/{rel}","templated":true}]}}