{"id":79621,"date":"2025-04-22T21:18:24","date_gmt":"2025-04-23T03:18:24","guid":{"rendered":"https:\/\/zonaroja.com.mx\/?p=79621"},"modified":"2025-04-22T21:18:26","modified_gmt":"2025-04-23T03:18:26","slug":"aun-sin-reconocimiento-pleno-universidad-comunal-de-oaxaca","status":"publish","type":"post","link":"https:\/\/zonaroja.com.mx\/?p=79621","title":{"rendered":"A\u00fan sin reconocimiento pleno, Universidad Comunal de Oaxaca"},"content":{"rendered":"\n<p>Ismael Garc\u00eda M.\/Zona Roja.<\/p>\n\n\n\n<p>Oaxaca de Ju\u00e1rez, Oax., a 22 de febrero de 2025.- En el marco de la presentaci\u00f3n de su revista \u201cLuu\u00b4Laa\u201d, la Universidad Aut\u00f3noma Comunal de Oaxaca (UACO) lament\u00f3 que a la fecha no haya reconocimiento pleno para la instituci\u00f3n y sus 16 planteles.<\/p>\n\n\n\n<p>\u201cLa parte institucional se ha visto cerrada: por el reconocimiento de los 16 centros universitarios comunales, lo cual s\u00ed pedimos al gobernador (Salom\u00f3n Jara) a que nos escuche y y podamos abrir una mesa de trabajo, porque hemos estado en reuniones con diferentes dependencias, para que se pueda avanzar en el reconocimiento pleno\u201d, dijo el rector Rigoberto V\u00e1squez Garc\u00eda.<\/p>\n\n\n\n<p>En conferencia de prensa, record\u00f3 que desde el a\u00f1o 2023 encabezaron una lucha por el reconocimiento legal de la UACO, con el respaldo de los pueblos ind\u00edgenas.<\/p>\n\n\n\n<p>Sin embargo fue hasta el a\u00f1o pasado en que, mediante un decreto aprobado por el Poder Legislativo, se concret\u00f3 la conformaci\u00f3n legal de la instituci\u00f3n acad\u00e9mica, que actualmente atiende a m\u00e1s de mil estudiantes.<\/p>\n\n\n\n<p>Sin embargo: \u201cHoy tenemos un decreto de creaci\u00f3n que nos est\u00e1 poniendo limitantes, en t\u00e9rminos de organizaci\u00f3n administrativa y educativa.<\/p>\n\n\n\n<p>\u201cLa Universidad cuenta con el respaldo de municipales y agrarias, el a\u00f1o pasado conformamos la plataforma pol\u00edtica demanda de los pueblos, pues as\u00ed surgi\u00f3 la universidad\u201d, dijo el responsable de la Universidad.<\/p>\n\n\n\n<p>Indic\u00f3 que a trav\u00e9s de la Uni\u00f3n de Autoridades Municipales y Agrarias por la Autonom\u00eda Educativa es como tienen un respaldo pol\u00edtico de m\u00e1s de 50 comunidades, para seguir concretando la UACO y que \u00e9sta se pueda extender m\u00e1s.<\/p>\n\n\n\n<p>PRESENTAN REVISTA<\/p>\n\n\n\n<p>En ese marco presentaron la revista \u201cLuu\u00b4Laa\u201d, en la que buscan exponer, alertar, dialogar y denunciar los proyectos que amenazan a los pueblos originarios, y como un instrumento pedag\u00f3gico.<\/p>\n\n\n\n<p>Concretar este proyecto permitir\u00e1 iniciar la conversaci\u00f3n entre los sabedores comunales, intelectuales locales, acad\u00e9micos, estudiantes, l\u00edderes y lideresas tradicionales.<\/p>\n\n\n\n<p>En este primer n\u00famero de la revista, los contenidos escritos y fotograf\u00edas fueron elaborados en su totalidad por estudiantes y facilitadores de la universidad.<\/p>\n\n\n\n<p>\u201cNo s\u00f3lo se pretende exponer la experiencia y saberes de las comunidades oaxaque\u00f1as, sino tambi\u00e9n constituirse en una herramienta pedag\u00f3gica de car\u00e1cter comunal al interior de nuestra universidad\u201d, agreg\u00f3 la coordinadora administrativa, Beatriz Gonz\u00e1lez Pedro.<\/p>\n\n\n\n<p>El coordinador acad\u00e9mico de la UACO, Eufemio Felipe Jim\u00e9nez, explic\u00f3 que con este proyecto est\u00e1n revalorando el conocimiento de los pueblos y comunidades ind\u00edgenas, y que la revista es una forma de expresar todo el proceso acad\u00e9mica que est\u00e1 pasando en la universidad.<\/p>\n\n\n\n<p>\u201cEs muy importante que la palabra de los pueblos se exprese, puesto que, la academia en Oaxaca en M\u00e9xico y en el mundo, la academia de los investigadores cierra toda posibilidad de que nuestros pueblos puedan tener su palabra. Siempre son los grandes investigadores\u201d.<\/p>\n\n\n\n<p>En este caso, dijo, la revista se hace para los facilitadores, facilitadoras y estudiantes, pero no se cierran a que tambi\u00e9n pueda participar aquellos compa\u00f1eros y compa\u00f1eras que trabajan por el cuidado y la defensa del territorio, que son investigadores de a pie, \u201cque luchan al lado de nuestros pueblos\u201d.<\/p>\n\n\n\n<p>(Con Indormaci\u00f3n de \u201cEstado 20\u201d)<\/p>\n\n\n\n<figure class=\"wp-block-embed is-type-rich is-provider-twitter wp-block-embed-twitter\"><div class=\"wp-block-embed__wrapper\">\n<div class=\"twitter-tweet\"><blockquote class=\"twitter-tweet\" data-lang=\"es\"><p lang=\"es\" dir=\"ltr\"><a href=\"https:\/\/twitter.com\/hashtag\/ENVIVO?src=hash&amp;ref_src=twsrc%5Etfw\">#ENVIVO<\/a><br>Oaxaca, Oax.- La Universidad Aut\u00f3noma Comunal de Oaxaca (UACO) presenta su primer n\u00famero de la revista \u201cLuu\u2019Laa\u201d, que recoge caminos, voces y saberes que se gestan desde las experiencias educativas en las comunidades.<br>Transmisi\u00f3n: \ud83d\udc47<a href=\"https:\/\/t.co\/qfn0klXCwj\">https:\/\/t.co\/qfn0klXCwj<\/a>?<\/p>&mdash; Zona Roja Oaxaca (@ZonaRoja_Oaxaca) <a href=\"https:\/\/twitter.com\/ZonaRoja_Oaxaca\/status\/1914729091720245525?ref_src=twsrc%5Etfw\">22 de abril de 2025<\/a><\/blockquote><\/div>\n<\/div><\/figure>\n","protected":false},"excerpt":{"rendered":"<p>Ismael Garc\u00eda M.\/Zona Roja. Oaxaca de Ju\u00e1rez, Oax., a 22 de febrero de 2025.- En&hellip;<\/p>\n","protected":false},"author":2,"featured_media":79622,"comment_status":"closed","ping_status":"open","sticky":false,"template":"","format":"standard","meta":{"_lmt_disableupdate":"","_lmt_disable":"","_jetpack_memberships_contains_paid_content":false,"footnotes":""},"categories":[109,46],"tags":[3764],"class_list":["post-79621","post","type-post","status-publish","format-standard","has-post-thumbnail","hentry","category-minuto-a-minuto","category-zona-blanca","tag-universidad-autonoma-comunal-de-oaxaca-uaco"],"jetpack_featured_media_url":"https:\/\/zonaroja.com.mx\/wp-content\/uploads\/2025\/04\/Rigoberto-Vasquez-Universidad-Autonoma-Comunal-UACO-.jpg","jetpack_sharing_enabled":true,"_links":{"self":[{"href":"https:\/\/zonaroja.com.mx\/index.php?rest_route=\/wp\/v2\/posts\/79621","targetHints":{"allow":["GET"]}}],"collection":[{"href":"https:\/\/zonaroja.com.mx\/index.php?rest_route=\/wp\/v2\/posts"}],"about":[{"href":"https:\/\/zonaroja.com.mx\/index.php?rest_route=\/wp\/v2\/types\/post"}],"author":[{"embeddable":true,"href":"https:\/\/zonaroja.com.mx\/index.php?rest_route=\/wp\/v2\/users\/2"}],"replies":[{"embeddable":true,"href":"https:\/\/zonaroja.com.mx\/index.php?rest_route=%2Fwp%2Fv2%2Fcomments&post=79621"}],"version-history":[{"count":1,"href":"https:\/\/zonaroja.com.mx\/index.php?rest_route=\/wp\/v2\/posts\/79621\/revisions"}],"predecessor-version":[{"id":79623,"href":"https:\/\/zonaroja.com.mx\/index.php?rest_route=\/wp\/v2\/posts\/79621\/revisions\/79623"}],"wp:featuredmedia":[{"embeddable":true,"href":"https:\/\/zonaroja.com.mx\/index.php?rest_route=\/wp\/v2\/media\/79622"}],"wp:attachment":[{"href":"https:\/\/zonaroja.com.mx\/index.php?rest_route=%2Fwp%2Fv2%2Fmedia&parent=79621"}],"wp:term":[{"taxonomy":"category","embeddable":true,"href":"https:\/\/zonaroja.com.mx\/index.php?rest_route=%2Fwp%2Fv2%2Fcategories&post=79621"},{"taxonomy":"post_tag","embeddable":true,"href":"https:\/\/zonaroja.com.mx\/index.php?rest_route=%2Fwp%2Fv2%2Ftags&post=79621"}],"curies":[{"name":"wp","href":"https:\/\/api.w.org\/{rel}","templated":true}]}}