{"id":79630,"date":"2025-04-23T08:15:00","date_gmt":"2025-04-23T14:15:00","guid":{"rendered":"https:\/\/zonaroja.com.mx\/?p=79630"},"modified":"2025-04-23T07:37:15","modified_gmt":"2025-04-23T13:37:15","slug":"asesinan-a-individuo-en-san-blas-atempa-asaltan-a-mujer-en-juchitan","status":"publish","type":"post","link":"https:\/\/zonaroja.com.mx\/?p=79630","title":{"rendered":"Asesinan a individuo en San Blas Atempa; asaltan a mujer en Juchit\u00e1n"},"content":{"rendered":"\n<p>Raymundo Morales\/Zona Roja.<\/p>\n\n\n\n<p>Oaxaca de Ju\u00e1rez, Oax., a 23 de abril de 2025.- Una persona del sexo masculino fue asesinada anoche, en San Blas Atempa, municipio de la regi\u00f3n del Istmo.<\/p>\n\n\n\n<p>Los hechos ocurrieron en la localidad de Rancho Lllano, en que sujetos desconocidos dispararon en contra de quien fue identificado como Inocencio B. A., de 57 a\u00f1os de edad.<\/p>\n\n\n\n<p>Hasta el momento se desconocen las causas por las cuales se perpetr\u00f3 el homicidio, hecho que ya investiga la Vicefiscal\u00eda Regional del Istmo, dependiente de la Fiscal\u00eda General del Estado.<\/p>\n\n\n\n<p>Otro hecho violento ocurri\u00f3 ayer en el municipio de Juchit\u00e1n de Zaragoza, en que asaltaron a una mujer y la despojaron de todos sus bienes.<\/p>\n\n\n\n<p>Ocurri\u00f3 en la colonia Gustavo Pineda de la Cruz donde dos individuos a bordo de una motocicleta interceptaron a la femenina, a quien amagaron con un arma de fuego para robarle sus pertenencias, tras lo cual huyeron.<\/p>\n\n\n\n<p>Los polic\u00edas municipales no se encontraban en la zona, por lo cual los delincuentes huyeron sin ning\u00fan problema.<\/p>\n\n\n\n<p>Mientras tanto, en la colonia Cosijoeza de la ciudad de Oaxaca, el pasado lunes fue localizado un cuerpo sin vida, presuntamente de una persona en estado de situaci\u00f3n de calle.<\/p>\n\n\n\n<p>Hasta el momento las autoridades ministeriales no han determinado las causas del fallecimiento.<\/p>\n","protected":false},"excerpt":{"rendered":"<p>Raymundo Morales\/Zona Roja. Oaxaca de Ju\u00e1rez, Oax., a 23 de abril de 2025.- Una persona&hellip;<\/p>\n","protected":false},"author":2,"featured_media":79631,"comment_status":"closed","ping_status":"open","sticky":false,"template":"","format":"standard","meta":{"_lmt_disableupdate":"","_lmt_disable":"","_jetpack_memberships_contains_paid_content":false,"footnotes":""},"categories":[109,51],"tags":[179],"class_list":["post-79630","post","type-post","status-publish","format-standard","has-post-thumbnail","hentry","category-minuto-a-minuto","category-zona-roja","tag-san-blas-atempa"],"jetpack_featured_media_url":"https:\/\/zonaroja.com.mx\/wp-content\/uploads\/2025\/04\/San-Blas-Atempa.jpg","jetpack_sharing_enabled":true,"_links":{"self":[{"href":"https:\/\/zonaroja.com.mx\/index.php?rest_route=\/wp\/v2\/posts\/79630","targetHints":{"allow":["GET"]}}],"collection":[{"href":"https:\/\/zonaroja.com.mx\/index.php?rest_route=\/wp\/v2\/posts"}],"about":[{"href":"https:\/\/zonaroja.com.mx\/index.php?rest_route=\/wp\/v2\/types\/post"}],"author":[{"embeddable":true,"href":"https:\/\/zonaroja.com.mx\/index.php?rest_route=\/wp\/v2\/users\/2"}],"replies":[{"embeddable":true,"href":"https:\/\/zonaroja.com.mx\/index.php?rest_route=%2Fwp%2Fv2%2Fcomments&post=79630"}],"version-history":[{"count":1,"href":"https:\/\/zonaroja.com.mx\/index.php?rest_route=\/wp\/v2\/posts\/79630\/revisions"}],"predecessor-version":[{"id":79632,"href":"https:\/\/zonaroja.com.mx\/index.php?rest_route=\/wp\/v2\/posts\/79630\/revisions\/79632"}],"wp:featuredmedia":[{"embeddable":true,"href":"https:\/\/zonaroja.com.mx\/index.php?rest_route=\/wp\/v2\/media\/79631"}],"wp:attachment":[{"href":"https:\/\/zonaroja.com.mx\/index.php?rest_route=%2Fwp%2Fv2%2Fmedia&parent=79630"}],"wp:term":[{"taxonomy":"category","embeddable":true,"href":"https:\/\/zonaroja.com.mx\/index.php?rest_route=%2Fwp%2Fv2%2Fcategories&post=79630"},{"taxonomy":"post_tag","embeddable":true,"href":"https:\/\/zonaroja.com.mx\/index.php?rest_route=%2Fwp%2Fv2%2Ftags&post=79630"}],"curies":[{"name":"wp","href":"https:\/\/api.w.org\/{rel}","templated":true}]}}