{"id":79633,"date":"2025-04-23T09:15:00","date_gmt":"2025-04-23T15:15:00","guid":{"rendered":"https:\/\/zonaroja.com.mx\/?p=79633"},"modified":"2025-04-23T09:41:33","modified_gmt":"2025-04-23T15:41:33","slug":"inseguridad-en-gobierno-de-raymundo-chagoya-igual-que-con-neri","status":"publish","type":"post","link":"https:\/\/zonaroja.com.mx\/?p=79633","title":{"rendered":"Inseguridad en gobierno de Raymundo Chagoya, igual que con Neri"},"content":{"rendered":"\n<p>Raymundo Morales\/Zona Roja.<\/p>\n\n\n\n<p>Oaxaca de Ju\u00e1rez, Oax., a 23 de abril de 2025.- La percepci\u00f3n de inseguridad en la ciudad de Oaxaca se mantiene como una de las m\u00e1s altas del pa\u00eds, en los primeros tres meses del gobierno del morenista Raymundo Chagoya y es pr\u00e1cticamente igual que en los \u00faltimos meses del mandato de Francisco Mart\u00ednez Neri.<\/p>\n\n\n\n<p>Este martes, se dio a conocer la Encuesta Nacional de Seguridad P\u00fablica Urbana 2025, por parte del Inegi, en que destaca que en marzo, el 68.9 por ciento de personas habitantes de la capital se considera insegura.<\/p>\n\n\n\n<p>Mientras que de octubre a diciembre, \u00faltimo trimestre del anterior edil, la medici\u00f3n fue de 70.2 por ciento.<\/p>\n\n\n\n<p>Sin embargo, la inseguridad en la ciudad de Oaxaca rebasa la media nacional, que es de 61.9 por ciento en marzo de este a\u00f1o, mientras que en diciembre pasado fue de 61.9 por ciento, de acuerdo con la referida encuesta.<\/p>\n\n\n\n<p>En los poco m\u00e1s de 100 d\u00edas de gobierno de Raymundo Chagoya, los hechos delictivos se han incrementado y pr\u00e1cticamente todos los d\u00edas hay reportes o quejas de personas por asaltos, \u201ccristalazos\u201d a veh\u00edculos de motor e incluso homicidios.<\/p>\n\n\n\n<p>En comparaci\u00f3n de marzo 2024, que fue 57.9 por cento, en marzo de este a\u00f1o la percepci\u00f3n de inseguridad aument\u00f3 al 68.9 por ciento, seg\u00fan el Inegi.<\/p>\n\n\n\n<p>Por otra parte, de acuerdo con la Encuesta Nacional de Seguridad P\u00fablica Urbana, a nivel nacional, en marzo de 2025, 61.9 % de la poblaci\u00f3n de 18 a\u00f1os y m\u00e1s, residente en 91 \u00e1reas urbanas (ciudades) de inter\u00e9s consider\u00f3 que es inseguro vivir en su ciudad.&nbsp;<\/p>\n\n\n\n<p>Lo anterior no representa un cambio estad\u00edsticamente significativo en comparaci\u00f3n con marzo (61.0 %) y diciembre (61.7 %) de 2024.&nbsp;<\/p>\n\n\n\n<p>En esta edici\u00f3n, 18 \u00e1reas urbanas o ciudades de inter\u00e9s presentaron cambios estad\u00edsticamente significativos frente a diciembre de 2024; siete con reducciones y 11 con incrementos.<\/p>\n\n\n\n<p>En marzo de 2025, 67.5 % de las mujeres y 55.0 % de los hombres consideraron que vivir en su ciudad era inseguro.<\/p>\n\n\n\n<p>Aqu\u00ed la encuesta completa:<\/p>\n\n\n\n<figure class=\"wp-block-embed\"><div class=\"wp-block-embed__wrapper\">\nhttps:\/\/www.inegi.org.mx\/contenidos\/saladeprensa\/boletines\/2025\/ensu\/ENSU20205_RR_04.pdf\n<\/div><\/figure>\n","protected":false},"excerpt":{"rendered":"<p>Raymundo Morales\/Zona Roja. Oaxaca de Ju\u00e1rez, Oax., a 23 de abril de 2025.- La percepci\u00f3n&hellip;<\/p>\n","protected":false},"author":2,"featured_media":68457,"comment_status":"closed","ping_status":"open","sticky":false,"template":"","format":"standard","meta":{"_lmt_disableupdate":"","_lmt_disable":"","_jetpack_memberships_contains_paid_content":false,"footnotes":""},"categories":[109,47],"tags":[148],"class_list":["post-79633","post","type-post","status-publish","format-standard","has-post-thumbnail","hentry","category-minuto-a-minuto","category-zona-gris","tag-oaxaca-de-juarez"],"jetpack_featured_media_url":"https:\/\/zonaroja.com.mx\/wp-content\/uploads\/2024\/05\/Ciudad-de-Oaxaca.jpeg","jetpack_sharing_enabled":true,"_links":{"self":[{"href":"https:\/\/zonaroja.com.mx\/index.php?rest_route=\/wp\/v2\/posts\/79633","targetHints":{"allow":["GET"]}}],"collection":[{"href":"https:\/\/zonaroja.com.mx\/index.php?rest_route=\/wp\/v2\/posts"}],"about":[{"href":"https:\/\/zonaroja.com.mx\/index.php?rest_route=\/wp\/v2\/types\/post"}],"author":[{"embeddable":true,"href":"https:\/\/zonaroja.com.mx\/index.php?rest_route=\/wp\/v2\/users\/2"}],"replies":[{"embeddable":true,"href":"https:\/\/zonaroja.com.mx\/index.php?rest_route=%2Fwp%2Fv2%2Fcomments&post=79633"}],"version-history":[{"count":2,"href":"https:\/\/zonaroja.com.mx\/index.php?rest_route=\/wp\/v2\/posts\/79633\/revisions"}],"predecessor-version":[{"id":79646,"href":"https:\/\/zonaroja.com.mx\/index.php?rest_route=\/wp\/v2\/posts\/79633\/revisions\/79646"}],"wp:featuredmedia":[{"embeddable":true,"href":"https:\/\/zonaroja.com.mx\/index.php?rest_route=\/wp\/v2\/media\/68457"}],"wp:attachment":[{"href":"https:\/\/zonaroja.com.mx\/index.php?rest_route=%2Fwp%2Fv2%2Fmedia&parent=79633"}],"wp:term":[{"taxonomy":"category","embeddable":true,"href":"https:\/\/zonaroja.com.mx\/index.php?rest_route=%2Fwp%2Fv2%2Fcategories&post=79633"},{"taxonomy":"post_tag","embeddable":true,"href":"https:\/\/zonaroja.com.mx\/index.php?rest_route=%2Fwp%2Fv2%2Ftags&post=79633"}],"curies":[{"name":"wp","href":"https:\/\/api.w.org\/{rel}","templated":true}]}}