{"id":79641,"date":"2025-04-23T11:39:00","date_gmt":"2025-04-23T17:39:00","guid":{"rendered":"https:\/\/zonaroja.com.mx\/?p=79641"},"modified":"2025-04-23T08:41:43","modified_gmt":"2025-04-23T14:41:43","slug":"detienen-a-dos-presuntos-criminales-en-la-region-del-istmo","status":"publish","type":"post","link":"https:\/\/zonaroja.com.mx\/?p=79641","title":{"rendered":"Detienen a dos presuntos criminales en la regi\u00f3n del Istmo\u00a0"},"content":{"rendered":"\n<p>Raymundo Morales\/Zona Roja.<\/p>\n\n\n\n<p>Oaxaca de Ju\u00e1rez, Oax., a 23 de abril de 2025.- En operativos por separado, fuerzas federales y estatales capturaron a dos presuntos criminales en la regi\u00f3n del Istmo de Tehuantepec, considerados objetivos prioritarios.<\/p>\n\n\n\n<p>En el primer caso, ayer fue detenido Jorge L. G., dirigente de la Asociaci\u00f3n Ganadera Regional del Istmo, por el delito de homicidio, que presuntamente perpetr\u00f3 el pasado 8 de abril en La Venta, Juchit\u00e1n.<\/p>\n\n\n\n<p>Sin embargo, es se\u00f1alado tambi\u00e9n de formar parte del grupo delictivo que dirige \u201cEl Cromo\u201d y al que se le atribuyen una serie de cr\u00edmenes y tr\u00e1fico de drogas.<\/p>\n\n\n\n<p>Por ello es que en la captura participaron elementos de la Fiscal\u00eda General del Estado de Oaxaca, el Ej\u00e9rcito Mexicano, la Secretar\u00eda de Marina, entre otros, as\u00ed como el uso de un helic\u00f3ptero.<\/p>\n\n\n\n<p>El detenido fue trasladado a la ciudad de Oaxaca, bajo un aparatoso operativo y ser\u00eda hoy en que se confirmar\u00eda oficialmente la aprehensi\u00f3n.<\/p>\n\n\n\n<p>Otro caso ocurri\u00f3 en el municipio de Mat\u00edas Romero Avenda\u00f1o, donde fuerzas federales y estatales detuvieron a Juan Benito \u201cN\u201d, considerado como un alto mando de un grupo de la delincuencia organizada en la zona norte del Istmo.<\/p>\n\n\n\n<p>Este dato lo confirm\u00f3 ayer el titular de la Secretar\u00eda de Seguridad y Protecci\u00f3n Ciudadana federal, Omar Garc\u00eda Harfuch.<\/p>\n\n\n\n<p>\u201cEn Mat\u00edas Romero, resultado de trabajos de inteligencia y coordinaci\u00f3n entre Marina y Fiscal\u00eda del estado, fue detenido Juan Benito N., quien ocupa un segundo nivel dentro de un grupo delictivo relacionado con los delitos de robo, trasiego y robo de hidrocarburo, cobro de piso y extorsi\u00f3n\u201d, dijo en la conferencia de prensa de ayer.<\/p>\n","protected":false},"excerpt":{"rendered":"<p>Raymundo Morales\/Zona Roja. Oaxaca de Ju\u00e1rez, Oax., a 23 de abril de 2025.- En operativos&hellip;<\/p>\n","protected":false},"author":2,"featured_media":79642,"comment_status":"closed","ping_status":"open","sticky":false,"template":"","format":"standard","meta":{"_lmt_disableupdate":"","_lmt_disable":"","_jetpack_memberships_contains_paid_content":false,"footnotes":""},"categories":[109,46],"tags":[494],"class_list":["post-79641","post","type-post","status-publish","format-standard","has-post-thumbnail","hentry","category-minuto-a-minuto","category-zona-blanca","tag-fiscalia-general-del-estado-de-oaxaca"],"jetpack_featured_media_url":"https:\/\/zonaroja.com.mx\/wp-content\/uploads\/2025\/04\/Jorge-L-G-dirigente-ganadero-Istmo.jpg","jetpack_sharing_enabled":true,"_links":{"self":[{"href":"https:\/\/zonaroja.com.mx\/index.php?rest_route=\/wp\/v2\/posts\/79641","targetHints":{"allow":["GET"]}}],"collection":[{"href":"https:\/\/zonaroja.com.mx\/index.php?rest_route=\/wp\/v2\/posts"}],"about":[{"href":"https:\/\/zonaroja.com.mx\/index.php?rest_route=\/wp\/v2\/types\/post"}],"author":[{"embeddable":true,"href":"https:\/\/zonaroja.com.mx\/index.php?rest_route=\/wp\/v2\/users\/2"}],"replies":[{"embeddable":true,"href":"https:\/\/zonaroja.com.mx\/index.php?rest_route=%2Fwp%2Fv2%2Fcomments&post=79641"}],"version-history":[{"count":1,"href":"https:\/\/zonaroja.com.mx\/index.php?rest_route=\/wp\/v2\/posts\/79641\/revisions"}],"predecessor-version":[{"id":79643,"href":"https:\/\/zonaroja.com.mx\/index.php?rest_route=\/wp\/v2\/posts\/79641\/revisions\/79643"}],"wp:featuredmedia":[{"embeddable":true,"href":"https:\/\/zonaroja.com.mx\/index.php?rest_route=\/wp\/v2\/media\/79642"}],"wp:attachment":[{"href":"https:\/\/zonaroja.com.mx\/index.php?rest_route=%2Fwp%2Fv2%2Fmedia&parent=79641"}],"wp:term":[{"taxonomy":"category","embeddable":true,"href":"https:\/\/zonaroja.com.mx\/index.php?rest_route=%2Fwp%2Fv2%2Fcategories&post=79641"},{"taxonomy":"post_tag","embeddable":true,"href":"https:\/\/zonaroja.com.mx\/index.php?rest_route=%2Fwp%2Fv2%2Ftags&post=79641"}],"curies":[{"name":"wp","href":"https:\/\/api.w.org\/{rel}","templated":true}]}}