{"id":79644,"date":"2025-04-23T12:42:00","date_gmt":"2025-04-23T18:42:00","guid":{"rendered":"https:\/\/zonaroja.com.mx\/?p=79644"},"modified":"2025-04-23T08:43:26","modified_gmt":"2025-04-23T14:43:26","slug":"opinion-estigmatizar-periodistas-la-venganza-desde-el-poder","status":"publish","type":"post","link":"https:\/\/zonaroja.com.mx\/?p=79644","title":{"rendered":"Opini\u00f3n. Estigmatizar periodistas, la venganza desde el poder"},"content":{"rendered":"\n<p>N\u00e9stor Y. S\u00e1nchez Islas<\/p>\n\n\n\n<p>Durante los a\u00f1os dorados del r\u00e9gimen priista en las salas de redacci\u00f3n no se dec\u00eda, pero todos lo sab\u00edan: no te metas con la Virgen de Guadalupe, con el ej\u00e9rcito y con el presidente. Hoy la consiga es no meterse con la 4T so pena de ser atacado sin misericordia a trav\u00e9s de las redes sociales contraladas por el gobierno.<\/p>\n\n\n\n<p>Para millones de mexicanos la libertad de expresi\u00f3n y su defensa no tienen la menor importancia. Para ellos, la existencia de una prensa cr\u00edtica los tiene sin cuidado.&nbsp;No pueden ver que el hecho de poder ver sus narco series o escuchar sus narco corridos&nbsp;es gracias a la libertad de expresi\u00f3n y&nbsp;la&nbsp;defensa&nbsp;de \u00e9sta&nbsp;por los periodistas.<\/p>\n\n\n\n<p>La defensa de la libertad de expresi\u00f3n y la lucha contra el poder estigmatizador del gobierno es&nbsp;un&nbsp;ejercicio de nuestra autonom\u00eda individual, es nuestro derecho participar en los asuntos p\u00fablicos, entrar al debate y la deliberaci\u00f3n de la opini\u00f3n p\u00fablica. El intercambio de ideas, sobre todo cuando se asumen posturas contrarias el gobierno en turno, es sano y&nbsp;liberador ante la&nbsp;tentaci\u00f3n&nbsp;permanente del gobernante en turno&nbsp;para limitarla.<\/p>\n\n\n\n<p>La defensa de la libertad de expresi\u00f3n y la lucha contra la tiran\u00eda son acciones que van de la mano. El r\u00e9gimen celebre a Ricardo Flores Mag\u00f3n y al peri\u00f3dico \u201cel Hijo del Ahuizote\u201d porque fueron opositores y fuertes cr\u00edticos con Porfirio D\u00edaz, pero no soportan la cr\u00edtica cuando ellos son los criticados.&nbsp;No solo carecen de ideales e ideolog\u00eda los actuales pol\u00edticos, son simplemente oportunistas agachados que en cada oportunidad tratar\u00e1n de imitar hasta la forma de hablar de su mes\u00edas. Si AMLO invent\u00f3 la ma\u00f1anera y su secci\u00f3n \u201cqui\u00e9n es qui\u00e9n en las mentiras\u201d, lo mismo har\u00e1 el gobernador aqu\u00ed.<\/p>\n\n\n\n<p>En un pa\u00eds en donde el r\u00e9gimen ya destruy\u00f3 la mayor\u00eda&nbsp;de las&nbsp;instituciones que le hac\u00edan contrapeso, el \u00faltimo contrapeso&nbsp;real que permanece&nbsp;es la prensa cr\u00edtica, la que no se rinde ante las veleidades del poder y, casi en harapos, mantiene&nbsp;la necesaria&nbsp;voz disidente que tanta falta nos hace. La prensa vigila al poder, da voz a los que no la tienen y hace p\u00fablico todo aquello que al gobierno le interesa mantener oculto a la opini\u00f3n p\u00fablica.<\/p>\n\n\n\n<p>En este vasto teatro de la pol\u00edtica, hace unos d\u00edas, un tribunal colegiado emiti\u00f3 una sentencia que, por desgracia, no ha tenido la difusi\u00f3n que deber\u00eda por el precedente que deja y la importancia que tiene en defensa de los periodistas ante el poder&nbsp;estigmatizador del gobierno que, usando el poder del Estado, abusa de quienes cuestionan sus actuar.&nbsp;El periodista Raymundo Riva Palacio obtuvo una sentencia definitiva contra AMLO, sus ma\u00f1aneras y, es especial, de su secci\u00f3n \u201cqui\u00e9n es qui\u00e9n en las mentiras\u201d porque, como lo determin\u00f3 el tribunal, fue un instrumento de estigmatizaci\u00f3n utilizando recursos p\u00fablicos para desacreditar a medios y&nbsp;periodistas de los que expuso informaci\u00f3n privada a la que no ten\u00eda derecho a acceder.<\/p>\n\n\n\n<p>El tribunal, \u00e1rbitro de la contienda, ha dictaminado que el gobierno, en su af\u00e1n de desenmascarar la supuesta falsedad, ha incurrido en la denostaci\u00f3n, la estigmatizaci\u00f3n y la violencia contra los comunicadores. Este fallo trasciende a Riva Palacio porque es, en realidad, en defensa de la libertad de expresi\u00f3n que tanto quiso limitar el poder encarnado en AMLO. De la demolici\u00f3n y dura prueba de la democracia mexicana, la prensa es de lo poco que queda para mantener la voz de la disidencia.&nbsp;La palabra de Obrador fue, y sigue siendo, profundamente poderosa y sigue siendo capaz de destruir honras y prestigios con ligereza absoluta de su parte.<\/p>\n\n\n\n<p>El uso de recursos p\u00fablicos fue evidente. Los reclamos simplemente le resbalaron y atac\u00f3 a todos aquellos que en alg\u00fan momento pusieron en duda la Dinamarca prometida, el que los ni\u00f1os con c\u00e1ncer fueran unos golpistas, que los narco son humanos y hay que abrazarlos, que su aeropuerto era el mejor del mundo, que no se talar\u00eda un solo \u00e1rbol para el tren maya&nbsp;o que su refiner\u00eda nos dar\u00eda soberan\u00eda energ\u00e9tica.<\/p>\n\n\n\n<p>Quiso convertir en fantasmas a las voces cr\u00edticas desde la prensa, los investig\u00f3, los espi\u00f3, los persigui\u00f3 o los copt\u00f3. La libertad de prensa vivi\u00f3 un calvario bajo su gobierno, pero sus oscuros a\u00f1os hoy son historia y se cae a pedazos&nbsp;su&nbsp;M\u00e9xico&nbsp;de fantas\u00eda.<\/p>\n\n\n\n<p>La lucha por la libertad de expresi\u00f3n es una batalla constante, debe ser un di\u00e1logo interminable entre la prensa y el poder y, la voz del periodista, muchas veces en solitario y vulnerable ante el poder del Estado, es esencial para mantener lo que nos queda de democracia y recuperarla&nbsp;a trav\u00e9s de la lucha democr\u00e1tica. Un gobierno que utiliza recursos p\u00fablicos para denostar a la prensa no solo atenta contra la libertad de expresi\u00f3n, sino que tambi\u00e9n socava la confianza p\u00fablica, miente, manipula y se corrompe como hoy poco a poco lo vamos descubriendo muy a pesar de haber&nbsp;impuesto a una sucesora a modo y complacencia.<\/p>\n\n\n\n<p>nestoryuri@yahoo.com<\/p>\n","protected":false},"excerpt":{"rendered":"<p>N\u00e9stor Y. S\u00e1nchez Islas Durante los a\u00f1os dorados del r\u00e9gimen priista en las salas de&hellip;<\/p>\n","protected":false},"author":2,"featured_media":67897,"comment_status":"closed","ping_status":"open","sticky":false,"template":"","format":"standard","meta":{"_lmt_disableupdate":"","_lmt_disable":"","_jetpack_memberships_contains_paid_content":false,"footnotes":""},"categories":[456,109],"tags":[3050],"class_list":["post-79644","post","type-post","status-publish","format-standard","has-post-thumbnail","hentry","category-columna","category-minuto-a-minuto","tag-nestor-yuri-sanchez"],"jetpack_featured_media_url":"https:\/\/zonaroja.com.mx\/wp-content\/uploads\/2024\/05\/Opinion-Nestor-Yuri-Sanchez.jpeg","jetpack_sharing_enabled":true,"_links":{"self":[{"href":"https:\/\/zonaroja.com.mx\/index.php?rest_route=\/wp\/v2\/posts\/79644","targetHints":{"allow":["GET"]}}],"collection":[{"href":"https:\/\/zonaroja.com.mx\/index.php?rest_route=\/wp\/v2\/posts"}],"about":[{"href":"https:\/\/zonaroja.com.mx\/index.php?rest_route=\/wp\/v2\/types\/post"}],"author":[{"embeddable":true,"href":"https:\/\/zonaroja.com.mx\/index.php?rest_route=\/wp\/v2\/users\/2"}],"replies":[{"embeddable":true,"href":"https:\/\/zonaroja.com.mx\/index.php?rest_route=%2Fwp%2Fv2%2Fcomments&post=79644"}],"version-history":[{"count":1,"href":"https:\/\/zonaroja.com.mx\/index.php?rest_route=\/wp\/v2\/posts\/79644\/revisions"}],"predecessor-version":[{"id":79645,"href":"https:\/\/zonaroja.com.mx\/index.php?rest_route=\/wp\/v2\/posts\/79644\/revisions\/79645"}],"wp:featuredmedia":[{"embeddable":true,"href":"https:\/\/zonaroja.com.mx\/index.php?rest_route=\/wp\/v2\/media\/67897"}],"wp:attachment":[{"href":"https:\/\/zonaroja.com.mx\/index.php?rest_route=%2Fwp%2Fv2%2Fmedia&parent=79644"}],"wp:term":[{"taxonomy":"category","embeddable":true,"href":"https:\/\/zonaroja.com.mx\/index.php?rest_route=%2Fwp%2Fv2%2Fcategories&post=79644"},{"taxonomy":"post_tag","embeddable":true,"href":"https:\/\/zonaroja.com.mx\/index.php?rest_route=%2Fwp%2Fv2%2Ftags&post=79644"}],"curies":[{"name":"wp","href":"https:\/\/api.w.org\/{rel}","templated":true}]}}