{"id":79647,"date":"2025-04-23T18:55:16","date_gmt":"2025-04-24T00:55:16","guid":{"rendered":"https:\/\/zonaroja.com.mx\/?p=79647"},"modified":"2025-04-23T18:55:19","modified_gmt":"2025-04-24T00:55:19","slug":"asesinan-a-balazos-a-un-individuo-en-salina-cruz-otro-herido","status":"publish","type":"post","link":"https:\/\/zonaroja.com.mx\/?p=79647","title":{"rendered":"Asesinan a balazos a un individuo en Salina Cruz; otro herido"},"content":{"rendered":"\n<p>Raymundo Morales\/Zona Roja. Foto: captura de pantalla.<\/p>\n\n\n\n<p>Oaxaca de Ju\u00e1rez, Oax., a 23 de abril de 2025.- Un ataque armado en el interior de un bar del municipio de Salina Cruz dej\u00f3 como saldo preliminar una persona del sexo masculino fallecida y otra m\u00e1s lesionada.<\/p>\n\n\n\n<p>El hecho violento ocurri\u00f3 la tarde de este mi\u00e9rcoles en el bar \u201cEl Para\u00edso\u201d, ubicado en la calle Prolongaci\u00f3n de Mazatl\u00e1n de la colonia H\u00e9roes de Nacozari.<\/p>\n\n\n\n<p>Hasta el momento se desconoce qui\u00e9n o qui\u00e9nes dispararon en contra de dichos individuos, pues presuntamente huyeron a bordo de una motocicleta.<\/p>\n\n\n\n<p>Personal policiaco arrib\u00f3 a la zona y acordon\u00f3 el \u00e1rea, mientras que otros elementos efectuaron operativos de b\u00fasqueda, sin \u00e9xito hasta el momento.<\/p>\n\n\n\n<p>En tanto, personal de la Vicefiscal\u00eda Regional del Istmo, de la Fiscal\u00eda General del Estado de Oaxaca, realiza las indagatorias correspondientes.<\/p>\n","protected":false},"excerpt":{"rendered":"<p>Raymundo Morales\/Zona Roja. Foto: captura de pantalla. Oaxaca de Ju\u00e1rez, Oax., a 23 de abril&hellip;<\/p>\n","protected":false},"author":2,"featured_media":79648,"comment_status":"closed","ping_status":"open","sticky":false,"template":"","format":"standard","meta":{"_lmt_disableupdate":"","_lmt_disable":"","_jetpack_memberships_contains_paid_content":false,"footnotes":""},"categories":[109,51],"tags":[4053],"class_list":["post-79647","post","type-post","status-publish","format-standard","has-post-thumbnail","hentry","category-minuto-a-minuto","category-zona-roja","tag-asesinato-salina-cruz"],"jetpack_featured_media_url":"https:\/\/zonaroja.com.mx\/wp-content\/uploads\/2025\/04\/Asesinado-bar-Salina-Cruz.jpg","jetpack_sharing_enabled":true,"_links":{"self":[{"href":"https:\/\/zonaroja.com.mx\/index.php?rest_route=\/wp\/v2\/posts\/79647","targetHints":{"allow":["GET"]}}],"collection":[{"href":"https:\/\/zonaroja.com.mx\/index.php?rest_route=\/wp\/v2\/posts"}],"about":[{"href":"https:\/\/zonaroja.com.mx\/index.php?rest_route=\/wp\/v2\/types\/post"}],"author":[{"embeddable":true,"href":"https:\/\/zonaroja.com.mx\/index.php?rest_route=\/wp\/v2\/users\/2"}],"replies":[{"embeddable":true,"href":"https:\/\/zonaroja.com.mx\/index.php?rest_route=%2Fwp%2Fv2%2Fcomments&post=79647"}],"version-history":[{"count":1,"href":"https:\/\/zonaroja.com.mx\/index.php?rest_route=\/wp\/v2\/posts\/79647\/revisions"}],"predecessor-version":[{"id":79649,"href":"https:\/\/zonaroja.com.mx\/index.php?rest_route=\/wp\/v2\/posts\/79647\/revisions\/79649"}],"wp:featuredmedia":[{"embeddable":true,"href":"https:\/\/zonaroja.com.mx\/index.php?rest_route=\/wp\/v2\/media\/79648"}],"wp:attachment":[{"href":"https:\/\/zonaroja.com.mx\/index.php?rest_route=%2Fwp%2Fv2%2Fmedia&parent=79647"}],"wp:term":[{"taxonomy":"category","embeddable":true,"href":"https:\/\/zonaroja.com.mx\/index.php?rest_route=%2Fwp%2Fv2%2Fcategories&post=79647"},{"taxonomy":"post_tag","embeddable":true,"href":"https:\/\/zonaroja.com.mx\/index.php?rest_route=%2Fwp%2Fv2%2Ftags&post=79647"}],"curies":[{"name":"wp","href":"https:\/\/api.w.org\/{rel}","templated":true}]}}