{"id":7965,"date":"2020-01-22T22:15:56","date_gmt":"2020-01-23T04:15:56","guid":{"rendered":"http:\/\/www.zonaroja.com.mx\/?p=7965"},"modified":"2020-01-23T08:14:26","modified_gmt":"2020-01-23T14:14:26","slug":"ante-incapacidad-de-fiscalia-de-oaxaca-fgr-retomara-caso-de-maria-elena","status":"publish","type":"post","link":"https:\/\/zonaroja.com.mx\/?p=7965","title":{"rendered":"Ante incapacidad de Fiscal\u00eda de Oaxaca, FGR retomar\u00e1 caso de Mar\u00eda Elena"},"content":{"rendered":"\n<p>Redacci\u00f3n\/Zona Roja.<\/p>\n\n\n\n<p>Oaxaca de Ju\u00e1rez, Oax., 23 de enero de 2020.- Ante lo que consideraron incapacidad de la Fiscal\u00eda General del Estado de Oaxaca para resolver casos, as\u00ed como la creciente impunidad, la Comisi\u00f3n Permanente del Senado de la Rep\u00fablica aprob\u00f3 este mi\u00e9rcoles exhortar a la Fiscal\u00eda General de la Rep\u00fablica (FGR) que atraiga diversos casos.<\/p>\n\n\n\n<p>Entre estos se encuentran la agresi\u00f3n\ncon \u00e1cido hacia la joven saxofonista Mar\u00eda Elena R\u00edos Ortiz; el asesinato Arturo\nGarc\u00eda Vel\u00e1zquez y Javier Terrero, edil y s\u00edndico de Jalapa de D\u00edaz,\nrespectivamente, por mencionar algunos.<\/p>\n\n\n\n<p>Con ello se busca \u201crevertir la situaci\u00f3n\nde ineficiencia e impunidad que prevalece en el estado de Oaxaca y que impide\nhacer justicia para las v\u00edctimas y sus familiares\u201d, dijo el senador Salom\u00f3n\nJara Cruz a trav\u00e9s de sus redes sociales. <\/p>\n\n\n\n<p>Resalt\u00f3 adem\u00e1s \u201cla falta de confianza y capacidad de la Fiscal\u00eda General de Justicia de Oaxaca\u201d, que preside Rub\u00e9n Vasconcelos M\u00e9ndez, pues diversos hechos criminales han quedado en la impunidad o no se investigan con celeridad.<\/p>\n","protected":false},"excerpt":{"rendered":"<p>Redacci\u00f3n\/Zona Roja. Oaxaca de Ju\u00e1rez, Oax., 23 de enero de 2020.- Ante lo que consideraron&hellip;<\/p>\n","protected":false},"author":2,"featured_media":7966,"comment_status":"closed","ping_status":"open","sticky":false,"template":"","format":"standard","meta":{"_lmt_disableupdate":"","_lmt_disable":"","_jetpack_memberships_contains_paid_content":false,"footnotes":""},"categories":[109,47],"tags":[494,939],"class_list":["post-7965","post","type-post","status-publish","format-standard","has-post-thumbnail","hentry","category-minuto-a-minuto","category-zona-gris","tag-fiscalia-general-del-estado-de-oaxaca","tag-salomon-jara-cruz"],"jetpack_featured_media_url":"https:\/\/zonaroja.com.mx\/wp-content\/uploads\/2020\/01\/sesi\u00f3n-Senado.jpg","jetpack_sharing_enabled":true,"_links":{"self":[{"href":"https:\/\/zonaroja.com.mx\/index.php?rest_route=\/wp\/v2\/posts\/7965","targetHints":{"allow":["GET"]}}],"collection":[{"href":"https:\/\/zonaroja.com.mx\/index.php?rest_route=\/wp\/v2\/posts"}],"about":[{"href":"https:\/\/zonaroja.com.mx\/index.php?rest_route=\/wp\/v2\/types\/post"}],"author":[{"embeddable":true,"href":"https:\/\/zonaroja.com.mx\/index.php?rest_route=\/wp\/v2\/users\/2"}],"replies":[{"embeddable":true,"href":"https:\/\/zonaroja.com.mx\/index.php?rest_route=%2Fwp%2Fv2%2Fcomments&post=7965"}],"version-history":[{"count":2,"href":"https:\/\/zonaroja.com.mx\/index.php?rest_route=\/wp\/v2\/posts\/7965\/revisions"}],"predecessor-version":[{"id":7971,"href":"https:\/\/zonaroja.com.mx\/index.php?rest_route=\/wp\/v2\/posts\/7965\/revisions\/7971"}],"wp:featuredmedia":[{"embeddable":true,"href":"https:\/\/zonaroja.com.mx\/index.php?rest_route=\/wp\/v2\/media\/7966"}],"wp:attachment":[{"href":"https:\/\/zonaroja.com.mx\/index.php?rest_route=%2Fwp%2Fv2%2Fmedia&parent=7965"}],"wp:term":[{"taxonomy":"category","embeddable":true,"href":"https:\/\/zonaroja.com.mx\/index.php?rest_route=%2Fwp%2Fv2%2Fcategories&post=7965"},{"taxonomy":"post_tag","embeddable":true,"href":"https:\/\/zonaroja.com.mx\/index.php?rest_route=%2Fwp%2Fv2%2Ftags&post=7965"}],"curies":[{"name":"wp","href":"https:\/\/api.w.org\/{rel}","templated":true}]}}