{"id":79650,"date":"2025-04-23T19:54:35","date_gmt":"2025-04-24T01:54:35","guid":{"rendered":"https:\/\/zonaroja.com.mx\/?p=79650"},"modified":"2025-04-23T19:54:38","modified_gmt":"2025-04-24T01:54:38","slug":"operativo-en-la-costa-aseguran-armas-drogas-y-vehiculos-hay-detenidos","status":"publish","type":"post","link":"https:\/\/zonaroja.com.mx\/?p=79650","title":{"rendered":"Operativo en la Costa: aseguran armas, drogas y veh\u00edculos; hay detenidos"},"content":{"rendered":"\n<p>Redacci\u00f3n\/Zona Roja.&nbsp;<\/p>\n\n\n\n<p>Oaxaca de Ju\u00e1rez, Oax., a 23 de abril de 2025.- La Fiscal\u00eda General del Estado de Oaxaca (FGEO), a trav\u00e9s de la Vicefiscal\u00eda Regional de la Costa y en colaboraci\u00f3n interinstitucional con la Secretar\u00eda de la Defensa Nacional (Sedena), la Secretar\u00eda de Marina (Semar), la Polic\u00eda Estatal y la Polic\u00eda Vial Estatal, llev\u00f3 a cabo un operativo en la regi\u00f3n de la Costa en el que se instalaron filtros de seguridad, realizaron la revisi\u00f3n de veh\u00edculos de motor, verificaci\u00f3n de numerales, as\u00ed como la ejecuci\u00f3n de cateos y \u00f3rdenes de aprehensi\u00f3n.<\/p>\n\n\n\n<p>El despliegue operativo se realiz\u00f3 el 22 de abril de 2025, logrando el aseguramiento de tres veh\u00edculos de motor y una motocicleta con diversas irregularidades.<\/p>\n\n\n\n<p>Adem\u00e1s, se cumplimentaron dos \u00f3rdenes de cateo en inmuebles ubicados en San Pedro Mixtepec, Juquila, donde fueron localizadas diversas dosis de droga, una b\u00e1scula gramera, un arma de fuego, tel\u00e9fonos celulares y motocicletas.<\/p>\n\n\n\n<p>Derivado de estos operativos policiales, fueron detenidas tres personas del sexo masculino&nbsp;por el delito contra la salud en su modalidad de narcomenudeo.<\/p>\n\n\n\n<p>DOS DETENIDOS EN STMO<\/p>\n\n\n\n<p>Por otra parte, la Fiscal\u00eda General del Estado ejecut\u00f3 una orden de aprehensi\u00f3n contra dos personas del sexo masculino identificadas como E.M.S. y U.G.L., por el delito de Homicidio Calificado con Ventaja cometido en la regi\u00f3n del Istmo de Tehuantepec.<\/p>\n\n\n\n<p>De acuerdo con el expediente penal, los hechos ocurrieron el 1 de enero de 2025, cuando la v\u00edctima identificada como S.G.M., conduc\u00eda su veh\u00edculo de motor sobre la carretera Panamericana 190, en el tramo Juchit\u00e1n-La Ventosa, sitio donde fue atacada con disparos de arma de fuego, sufriendo lesiones que le ocasionaron la muerte.<\/p>\n\n\n\n<p>La investigaci\u00f3n revela que, tras cometer el homicidio, los agresores sacaron de la unidad de motor el cuerpo sin vida de la v\u00edctima para abandonarlo a un costado de la carretera.<\/p>\n\n\n\n<p>Al tomar conocimiento del caso, la FGEO inici\u00f3 una investigaci\u00f3n a trav\u00e9s de la Vicefiscal\u00eda Regional Istmo, la cual obtuvo una orden de aprehensi\u00f3n que se ejecut\u00f3 en contra de E.M.S. y U.G.L., quienes fueron puestos a disposici\u00f3n de la autoridad que los requiri\u00f3 para determinar su situaci\u00f3n jur\u00eddica.<\/p>\n\n\n\n<p>POR HOMICIDIO CONTRA MUJER<\/p>\n\n\n\n<p>En otro caso, la Fiscal\u00eda General ejecut\u00f3 una orden de aprehensi\u00f3n en contra de una persona del sexo masculino identificada como V.M.V. o V.A.M.A., por el delito de homicidio calificado con ventaja, por hechos ocurridos en la regi\u00f3n del Istmo de Tehuantepec, como parte de las acciones para fortalecer las la estrategia en materia de procuraci\u00f3n de justicia en casos de violencia contra las mujeres.<\/p>\n\n\n\n<p>Derivado de diversos actos de investigaci\u00f3n se logr\u00f3 ejecutar la orden de aprehensi\u00f3n este 22 de abril de 2025, realizando una intervenci\u00f3n en el camino que conduce del municipio de Santo Domingo Zanatepec a la agencia de Hierba Santa.<\/p>\n\n\n\n<p>De acuerdo con el expediente penal, los hechos ocurrieron el 5 de febrero de 2025, cuando el cuerpo de la v\u00edctima -una mujer identificada como M.A.V.- fue hallado sin vida en su vivienda ubicada en Santo Domingo Zanatepec, por ello, la FGEO inici\u00f3 las indagatorias correspondientes a trav\u00e9s de la Vicefiscal\u00eda Regional del Istmo.<\/p>\n\n\n\n<p>Luego de desplegar un equipo multidisciplinario se llevaron a cabo las primeras indagatorias con perspectiva de g\u00e9nero que permitieron recabar las pruebas presentadas ante el Juez de la causa, quien determin\u00f3 emitir la orden de aprehensi\u00f3n.<\/p>\n","protected":false},"excerpt":{"rendered":"<p>Redacci\u00f3n\/Zona Roja.&nbsp; Oaxaca de Ju\u00e1rez, Oax., a 23 de abril de 2025.- La Fiscal\u00eda General&hellip;<\/p>\n","protected":false},"author":2,"featured_media":79651,"comment_status":"closed","ping_status":"open","sticky":false,"template":"","format":"standard","meta":{"_lmt_disableupdate":"","_lmt_disable":"","_jetpack_memberships_contains_paid_content":false,"footnotes":""},"categories":[109,46],"tags":[494],"class_list":["post-79650","post","type-post","status-publish","format-standard","has-post-thumbnail","hentry","category-minuto-a-minuto","category-zona-blanca","tag-fiscalia-general-del-estado-de-oaxaca"],"jetpack_featured_media_url":"https:\/\/zonaroja.com.mx\/wp-content\/uploads\/2025\/04\/Operativo-Fiscalia-Costa.jpg","jetpack_sharing_enabled":true,"_links":{"self":[{"href":"https:\/\/zonaroja.com.mx\/index.php?rest_route=\/wp\/v2\/posts\/79650","targetHints":{"allow":["GET"]}}],"collection":[{"href":"https:\/\/zonaroja.com.mx\/index.php?rest_route=\/wp\/v2\/posts"}],"about":[{"href":"https:\/\/zonaroja.com.mx\/index.php?rest_route=\/wp\/v2\/types\/post"}],"author":[{"embeddable":true,"href":"https:\/\/zonaroja.com.mx\/index.php?rest_route=\/wp\/v2\/users\/2"}],"replies":[{"embeddable":true,"href":"https:\/\/zonaroja.com.mx\/index.php?rest_route=%2Fwp%2Fv2%2Fcomments&post=79650"}],"version-history":[{"count":1,"href":"https:\/\/zonaroja.com.mx\/index.php?rest_route=\/wp\/v2\/posts\/79650\/revisions"}],"predecessor-version":[{"id":79652,"href":"https:\/\/zonaroja.com.mx\/index.php?rest_route=\/wp\/v2\/posts\/79650\/revisions\/79652"}],"wp:featuredmedia":[{"embeddable":true,"href":"https:\/\/zonaroja.com.mx\/index.php?rest_route=\/wp\/v2\/media\/79651"}],"wp:attachment":[{"href":"https:\/\/zonaroja.com.mx\/index.php?rest_route=%2Fwp%2Fv2%2Fmedia&parent=79650"}],"wp:term":[{"taxonomy":"category","embeddable":true,"href":"https:\/\/zonaroja.com.mx\/index.php?rest_route=%2Fwp%2Fv2%2Fcategories&post=79650"},{"taxonomy":"post_tag","embeddable":true,"href":"https:\/\/zonaroja.com.mx\/index.php?rest_route=%2Fwp%2Fv2%2Ftags&post=79650"}],"curies":[{"name":"wp","href":"https:\/\/api.w.org\/{rel}","templated":true}]}}