{"id":79666,"date":"2025-04-24T10:17:00","date_gmt":"2025-04-24T16:17:00","guid":{"rendered":"https:\/\/zonaroja.com.mx\/?p=79666"},"modified":"2025-04-24T08:22:04","modified_gmt":"2025-04-24T14:22:04","slug":"denuncia-mujer-activista-triqui-acoso-en-su-contra","status":"publish","type":"post","link":"https:\/\/zonaroja.com.mx\/?p=79666","title":{"rendered":"Denuncia mujer activista Triqui acoso en su contra\u00a0"},"content":{"rendered":"\n<p>Ismael Garc\u00eda M.\/Zona Roja.<\/p>\n\n\n\n<p>Oaxaca de Ju\u00e1rez, Oax., a 24 de abril de 2025.- \u201c\u2026 me andan persiguiendo personas desconocidas que constantemente llegan a los lugares en donde trabajo y duermo, para mi fortuna no &nbsp;me han encontrado pero, &nbsp;mi vida est\u00e1 en constante riesgo de muerte\u201d.<\/p>\n\n\n\n<p>Esta es parte de la denuncia que difundi\u00f3 Emelia Ortiz Garc\u00eda, en su perfil de redes sociales, al reiterar su exigencia de justicia plena por el asesinato de dos de sus hermanas, perpetrado el 5 de noviembre de 2024.<\/p>\n\n\n\n<p>La v\u00edctima de hostigamiento y robo es militante e integrante de la dirigencia del Movimiento de Unificaci\u00f3n y Lucha Triqui &nbsp;(MULT) y secretaria de la Casa Cultural de la Naci\u00f3n Triqui.<\/p>\n\n\n\n<p>\u201cHago llegar mi voz ante el pueblo de M\u00e9xico porque en primer lugar me &nbsp;preocupa que hasta la fecha no haya justicia para mis hermanas, quienes fueron cobardemente asesinadas\u201d, difundi\u00f3.<\/p>\n\n\n\n<p>En su comunicado de denuncia, agreg\u00f3 que dos ocasiones han llegado al lugar donde concentra parte de mis pertenencias \u201cy personas desconocidas las han robado y saqueado, rompiendo chapas de las puertas y vidrios de las ventanas tambi\u00e9n documentos de las denuncias de los &nbsp;compa\u00f1eros asesinados, desaparecidos tanto digital, como f\u00edsico\u201d.<\/p>\n\n\n\n<p>Por ello, pidi\u00f3 la solidaridad de sus compa\u00f1eros de lucha: \u201choy por m\u00ed, ma\u00f1ana por otros perseguidos, desaparecidos y asesinados.<\/p>\n\n\n\n<p>Demand\u00f3 a las autoridades del Gobierno del Estado de Oaxaca cumplan las medidas cautelares que le otorgaron y procedan hacer justicia, \u201ccaso contrario ustedes son c\u00f3mplices de lo que est\u00e1 pasando\u201d.<\/p>\n","protected":false},"excerpt":{"rendered":"<p>Ismael Garc\u00eda M.\/Zona Roja. Oaxaca de Ju\u00e1rez, Oax., a 24 de abril de 2025.- \u201c\u2026&hellip;<\/p>\n","protected":false},"author":2,"featured_media":79667,"comment_status":"closed","ping_status":"open","sticky":false,"template":"","format":"standard","meta":{"_lmt_disableupdate":"","_lmt_disable":"","_jetpack_memberships_contains_paid_content":false,"footnotes":""},"categories":[109,47],"tags":[4285],"class_list":["post-79666","post","type-post","status-publish","format-standard","has-post-thumbnail","hentry","category-minuto-a-minuto","category-zona-gris","tag-emelia-ortiz-garcia"],"jetpack_featured_media_url":"https:\/\/zonaroja.com.mx\/wp-content\/uploads\/2025\/04\/Emelia-Ortiz-Garcia.jpeg","jetpack_sharing_enabled":true,"_links":{"self":[{"href":"https:\/\/zonaroja.com.mx\/index.php?rest_route=\/wp\/v2\/posts\/79666","targetHints":{"allow":["GET"]}}],"collection":[{"href":"https:\/\/zonaroja.com.mx\/index.php?rest_route=\/wp\/v2\/posts"}],"about":[{"href":"https:\/\/zonaroja.com.mx\/index.php?rest_route=\/wp\/v2\/types\/post"}],"author":[{"embeddable":true,"href":"https:\/\/zonaroja.com.mx\/index.php?rest_route=\/wp\/v2\/users\/2"}],"replies":[{"embeddable":true,"href":"https:\/\/zonaroja.com.mx\/index.php?rest_route=%2Fwp%2Fv2%2Fcomments&post=79666"}],"version-history":[{"count":1,"href":"https:\/\/zonaroja.com.mx\/index.php?rest_route=\/wp\/v2\/posts\/79666\/revisions"}],"predecessor-version":[{"id":79668,"href":"https:\/\/zonaroja.com.mx\/index.php?rest_route=\/wp\/v2\/posts\/79666\/revisions\/79668"}],"wp:featuredmedia":[{"embeddable":true,"href":"https:\/\/zonaroja.com.mx\/index.php?rest_route=\/wp\/v2\/media\/79667"}],"wp:attachment":[{"href":"https:\/\/zonaroja.com.mx\/index.php?rest_route=%2Fwp%2Fv2%2Fmedia&parent=79666"}],"wp:term":[{"taxonomy":"category","embeddable":true,"href":"https:\/\/zonaroja.com.mx\/index.php?rest_route=%2Fwp%2Fv2%2Fcategories&post=79666"},{"taxonomy":"post_tag","embeddable":true,"href":"https:\/\/zonaroja.com.mx\/index.php?rest_route=%2Fwp%2Fv2%2Ftags&post=79666"}],"curies":[{"name":"wp","href":"https:\/\/api.w.org\/{rel}","templated":true}]}}