{"id":79669,"date":"2025-04-24T11:25:00","date_gmt":"2025-04-24T17:25:00","guid":{"rendered":"https:\/\/zonaroja.com.mx\/?p=79669"},"modified":"2025-04-24T08:26:35","modified_gmt":"2025-04-24T14:26:35","slug":"doce-estados-de-eu-impugnan-ante-tribunales-los-aranceles-de-trump","status":"publish","type":"post","link":"https:\/\/zonaroja.com.mx\/?p=79669","title":{"rendered":"Doce estados de EU impugnan ante tribunales los aranceles de Trump"},"content":{"rendered":"\n<p>Redacci\u00f3n\/Zona Roja Cdmx.<\/p>\n\n\n\n<p>Ciudad de M\u00e9xico, a 24 de abril de 2025.- Una alianza de 12 estados de Estados Unidos lanz\u00f3 el mi\u00e9rcoles un desaf\u00edo legal a los aranceles impuestos por Donald Trump, dado que sus l\u00edderes dem\u00f3cratas consideran que el presidente republicano no pod\u00eda imponerlos sin la aprobaci\u00f3n del Congreso.<\/p>\n\n\n\n<p>El grupo, que incluye a Arizona, Oreg\u00f3n, Nueva York y Minnesota, retoma as\u00ed una t\u00e1ctica lanzada por California, que present\u00f3 un procedimiento similar la semana pasada.<\/p>\n\n\n\n<p>\u00abEl demencial plan arancelario del presidente Trump no solo es imprudente desde el punto de vista econ\u00f3mico, tambi\u00e9n es ilegal\u00bb, dijo en un comunicado el fiscal general de Arizona, Kris Mayes.<\/p>\n\n\n\n<p>Desde su regreso a la Casa Blanca en enero, Trump ha hecho caer las bolsas mundiales al cuestionar d\u00e9cadas de libre comercio.<\/p>\n\n\n\n<p>Lanz\u00f3 una guerra comercial contra China e impuso aranceles de 10% a productos de decenas de pa\u00edses de todo el mundo. El mandatario tambi\u00e9n amenaza con introducir aranceles mucho m\u00e1s punitivos.<\/p>\n\n\n\n<p>Pero seg\u00fan la demanda presentada el mi\u00e9rcoles, la ley de 1977 que invoc\u00f3 el multimillonario republicano no le permite utilizar medidas de emergencia para imponer aranceles, un poder que la Constituci\u00f3n estadounidense atribuye al Congreso.<\/p>\n\n\n\n<p>\u00abAl arrogarse la autoridad de imponer aranceles sustanciales y siempre cambiantes a todos los productos que entren en Estados Unidos que \u00e9l elija, por cualquier raz\u00f3n que considere oportuna para declarar una emergencia, el presidente ha alterado el orden constitucional y ha sumido a la econom\u00eda estadounidense en el caos\u00bb, detalla la demanda, presentada ante la corte de comercio internacional de Estados Unidos.<\/p>\n\n\n\n<p>Trump afirma que, a largo plazo, su pol\u00edtica proteccionista traer\u00e1 de vuelta la producci\u00f3n industrial a Estados Unidos.<\/p>\n\n\n\n<p>Pero, a corto plazo, est\u00e1 creando una gran incertidumbre y es probable que provoque un aumento de los precios para los consumidores y la p\u00e9rdida de puestos de trabajo, seg\u00fan muchos economistas.<\/p>\n\n\n\n<p>La semana pasada, el estado de California impugn\u00f3 ante los tribunales los aranceles impuestos por Trump. Su gobernador Gavin Newsom compar\u00f3 las tarifas con \u00abel peor autogol de la historia de este pa\u00eds\u00bb.<\/p>\n\n\n\n<p>\u00abUna de las cosas m\u00e1s autodestructivas que hemos vivido en la historia moderna de Estados Unidos\u00bb, dijo Newsom.<\/p>\n\n\n\n<p>(Informaci\u00f3n de la agencia AFP en \u201cLa Jornada\u201d)<\/p>\n","protected":false},"excerpt":{"rendered":"<p>Redacci\u00f3n\/Zona Roja Cdmx. Ciudad de M\u00e9xico, a 24 de abril de 2025.- Una alianza de&hellip;<\/p>\n","protected":false},"author":2,"featured_media":74876,"comment_status":"closed","ping_status":"open","sticky":false,"template":"","format":"standard","meta":{"_lmt_disableupdate":"","_lmt_disable":"","_jetpack_memberships_contains_paid_content":false,"footnotes":""},"categories":[109,47],"tags":[1060],"class_list":["post-79669","post","type-post","status-publish","format-standard","has-post-thumbnail","hentry","category-minuto-a-minuto","category-zona-gris","tag-donald-trump"],"jetpack_featured_media_url":"https:\/\/zonaroja.com.mx\/wp-content\/uploads\/2024\/11\/Donald-Trump.jpeg","jetpack_sharing_enabled":true,"_links":{"self":[{"href":"https:\/\/zonaroja.com.mx\/index.php?rest_route=\/wp\/v2\/posts\/79669","targetHints":{"allow":["GET"]}}],"collection":[{"href":"https:\/\/zonaroja.com.mx\/index.php?rest_route=\/wp\/v2\/posts"}],"about":[{"href":"https:\/\/zonaroja.com.mx\/index.php?rest_route=\/wp\/v2\/types\/post"}],"author":[{"embeddable":true,"href":"https:\/\/zonaroja.com.mx\/index.php?rest_route=\/wp\/v2\/users\/2"}],"replies":[{"embeddable":true,"href":"https:\/\/zonaroja.com.mx\/index.php?rest_route=%2Fwp%2Fv2%2Fcomments&post=79669"}],"version-history":[{"count":1,"href":"https:\/\/zonaroja.com.mx\/index.php?rest_route=\/wp\/v2\/posts\/79669\/revisions"}],"predecessor-version":[{"id":79670,"href":"https:\/\/zonaroja.com.mx\/index.php?rest_route=\/wp\/v2\/posts\/79669\/revisions\/79670"}],"wp:featuredmedia":[{"embeddable":true,"href":"https:\/\/zonaroja.com.mx\/index.php?rest_route=\/wp\/v2\/media\/74876"}],"wp:attachment":[{"href":"https:\/\/zonaroja.com.mx\/index.php?rest_route=%2Fwp%2Fv2%2Fmedia&parent=79669"}],"wp:term":[{"taxonomy":"category","embeddable":true,"href":"https:\/\/zonaroja.com.mx\/index.php?rest_route=%2Fwp%2Fv2%2Fcategories&post=79669"},{"taxonomy":"post_tag","embeddable":true,"href":"https:\/\/zonaroja.com.mx\/index.php?rest_route=%2Fwp%2Fv2%2Ftags&post=79669"}],"curies":[{"name":"wp","href":"https:\/\/api.w.org\/{rel}","templated":true}]}}