{"id":79671,"date":"2025-04-24T12:26:00","date_gmt":"2025-04-24T18:26:00","guid":{"rendered":"https:\/\/zonaroja.com.mx\/?p=79671"},"modified":"2025-04-24T08:27:57","modified_gmt":"2025-04-24T14:27:57","slug":"cuales-son-las-ciudades-percibidas-como-mas-seguras-en-mexico","status":"publish","type":"post","link":"https:\/\/zonaroja.com.mx\/?p=79671","title":{"rendered":"\u00bfCu\u00e1les son las ciudades percibidas como m\u00e1s seguras en M\u00e9xico?"},"content":{"rendered":"\n<p>Redacci\u00f3n\/Zona Roja Cdmx.<\/p>\n\n\n\n<p>Ciudad de M\u00e9xico, a 24 de abril de 2025.- En los primeros seis meses de gobierno de la presidenta Claudia Sheinbaum Pardo, la percepci\u00f3n de inseguridad de los mexicanos subi\u00f3 ligeramente a 61.9 por ciento desde el 61.7 por ciento previo, seg\u00fan un reporte que eval\u00faa el primer trimestre de 2025.<\/p>\n\n\n\n<p>Esto significa que m\u00e1s de seis de cada 10 habitantes de 18 a\u00f1os o m\u00e1s consideran insegura su cuidad. Adem\u00e1s, m\u00e1s de la mitad de la poblaci\u00f3n tiene la expectativa de que la violencia seguir\u00e1 \u201cigual de mal\u201d o \u201cempeorar\u00e1\u201d, revel\u00f3 la Encuesta Nacional de Seguridad P\u00fablica Urbana (ENSU) que public\u00f3 este martes el Instituto Nacional de Estad\u00edstica y Geograf\u00eda (Inegi).<\/p>\n\n\n\n<p>El Inegi levanta la encuesta de percepci\u00f3n de seguridad en 91 ciudades, incluyendo las 16 alcald\u00edas de la Ciudad de M\u00e9xico.<\/p>\n\n\n\n<p>En este sentido, hace un compilado con la evaluaci\u00f3n obtenida para saber en qu\u00e9 ciudades la gente nota una mayor inseguridad y en qu\u00e9 espacios p\u00fablicos en espec\u00edfico; por ello se hace una clasificaci\u00f3n de las ciudades peor y mejor evaluadas en materia de seguridad.<\/p>\n\n\n\n<p>En el caso de las ciudades con la menor percepci\u00f3n de inseguridad se encuentran:<\/p>\n\n\n\n<p>San Pedro Garza Garc\u00eda, Nuevo Le\u00f3n, con 10.4 por ciento.<\/p>\n\n\n\n<p>Benito Ju\u00e1rez, Ciudad de M\u00e9xico, 20.4 por ciento.<\/p>\n\n\n\n<p>Piedras Negras, Coahuila, 20.5 por ciento.<\/p>\n\n\n\n<p>Puerto Vallarta, Jalisco, 23.0 por ciento.<\/p>\n\n\n\n<p>Saltillo, Coahuila, 24.5 por ciento.<\/p>\n\n\n\n<p>Los Cabos, Baja California Sur, 24.7 por ciento.<\/p>\n\n\n\n<p>Los Mochis, Sinaloa, 25.8 por ciento.<\/p>\n\n\n\n<p>La Paz, Baja California Sur, 27.8 por ciento.<\/p>\n\n\n\n<p>San Nicolas de los Garza, Nuevo Le\u00f3n, 28.4 por ciento.<\/p>\n\n\n\n<p>Tampico, Tamaulipas, 29.7 por ciento.<\/p>\n\n\n\n<p>La encuesta del Inegi se\u00f1ala que la percepci\u00f3n de inseguridad muestra un ligero incremento a trimestres anteriores. De octubre a diciembre de 2024 el resultado fue de 61.7 por ciento, y de junio a septiembre, el \u00faltimo trimestre del gobierno de Andr\u00e9s Manuel L\u00f3pez Obrador, fue de 58.6 por ciento.<\/p>\n\n\n\n<p>En tanto, el Secretariado Ejecutivo del Sistema Nacional de Seguridad P\u00fablica (SESNSP) del Gobierno, sostuvo este martes que hay una disminuci\u00f3n del 32.9 por ciento en la incidencia diaria de homicidios en el primer semestre de la mandataria Sheinbaum.<\/p>\n\n\n\n<p>Mientras en septiembre hubo un promedio de 86,9 asesinatos diarios en abril hay una media preliminar de 58,3, expuso Marcela Figueroa, titular del SESNSP en la conferencia diaria del Palacio Nacional.<\/p>\n\n\n\n<p>(Informaci\u00f3n de \u201cEl Financiero\u201d)<\/p>\n","protected":false},"excerpt":{"rendered":"<p>Redacci\u00f3n\/Zona Roja Cdmx. Ciudad de M\u00e9xico, a 24 de abril de 2025.- En los primeros&hellip;<\/p>\n","protected":false},"author":2,"featured_media":76806,"comment_status":"closed","ping_status":"open","sticky":false,"template":"","format":"standard","meta":{"_lmt_disableupdate":"","_lmt_disable":"","_jetpack_memberships_contains_paid_content":false,"footnotes":""},"categories":[109,47],"tags":[],"class_list":["post-79671","post","type-post","status-publish","format-standard","has-post-thumbnail","hentry","category-minuto-a-minuto","category-zona-gris"],"jetpack_featured_media_url":"https:\/\/zonaroja.com.mx\/wp-content\/uploads\/2025\/01\/Inseguridad-asaltos-delincuente.jpg","jetpack_sharing_enabled":true,"_links":{"self":[{"href":"https:\/\/zonaroja.com.mx\/index.php?rest_route=\/wp\/v2\/posts\/79671","targetHints":{"allow":["GET"]}}],"collection":[{"href":"https:\/\/zonaroja.com.mx\/index.php?rest_route=\/wp\/v2\/posts"}],"about":[{"href":"https:\/\/zonaroja.com.mx\/index.php?rest_route=\/wp\/v2\/types\/post"}],"author":[{"embeddable":true,"href":"https:\/\/zonaroja.com.mx\/index.php?rest_route=\/wp\/v2\/users\/2"}],"replies":[{"embeddable":true,"href":"https:\/\/zonaroja.com.mx\/index.php?rest_route=%2Fwp%2Fv2%2Fcomments&post=79671"}],"version-history":[{"count":1,"href":"https:\/\/zonaroja.com.mx\/index.php?rest_route=\/wp\/v2\/posts\/79671\/revisions"}],"predecessor-version":[{"id":79672,"href":"https:\/\/zonaroja.com.mx\/index.php?rest_route=\/wp\/v2\/posts\/79671\/revisions\/79672"}],"wp:featuredmedia":[{"embeddable":true,"href":"https:\/\/zonaroja.com.mx\/index.php?rest_route=\/wp\/v2\/media\/76806"}],"wp:attachment":[{"href":"https:\/\/zonaroja.com.mx\/index.php?rest_route=%2Fwp%2Fv2%2Fmedia&parent=79671"}],"wp:term":[{"taxonomy":"category","embeddable":true,"href":"https:\/\/zonaroja.com.mx\/index.php?rest_route=%2Fwp%2Fv2%2Fcategories&post=79671"},{"taxonomy":"post_tag","embeddable":true,"href":"https:\/\/zonaroja.com.mx\/index.php?rest_route=%2Fwp%2Fv2%2Ftags&post=79671"}],"curies":[{"name":"wp","href":"https:\/\/api.w.org\/{rel}","templated":true}]}}