{"id":79679,"date":"2025-04-24T18:52:53","date_gmt":"2025-04-25T00:52:53","guid":{"rendered":"https:\/\/zonaroja.com.mx\/?p=79679"},"modified":"2025-04-24T18:52:54","modified_gmt":"2025-04-25T00:52:54","slug":"aplican-en-el-istmo-operacion-sable-van-37-detenciones","status":"publish","type":"post","link":"https:\/\/zonaroja.com.mx\/?p=79679","title":{"rendered":"Aplican en el Istmo Operaci\u00f3n \u201cSable\u201d; van 37 detenciones"},"content":{"rendered":"\n<p>Redacci\u00f3n\/Zona Roja.&nbsp;<\/p>\n\n\n\n<p>Oaxaca de Ju\u00e1rez, Oax., a 24 de abril de 2025.- Van 37 detenciones como parte de las acciones estrat\u00e9gicas por el despliegue de la \u201cOperaci\u00f3n Sable\u201d, que se lleva a cabo en el Istmo de Tehuantepec, enfocada en la reducci\u00f3n de los \u00edndices delictivos en la regi\u00f3n.<\/p>\n\n\n\n<p>Ello derivado de trabajos coordinados entre la Fiscal\u00eda General del Estado de Oaxaca (FGEO) junto a la Secretar\u00eda de Marina (SEMAR) y la Secretar\u00eda de la Defensa Nacional (Defensa), inform\u00f3 el fiscal de Oaxaca, Bernardo Rodr\u00edguez Alamilla, durante la conferencia de prensa de seguridad.<\/p>\n\n\n\n<p>El titular de la Fiscal\u00eda General del Estado de Oaxaca detall\u00f3 que esta estrategia de seguridad busca disminuir la incidencia delictiva y generar espacios de paz en esa regi\u00f3n, catalogada con alta incidencia delictiva.<\/p>\n\n\n\n<p>\u201cPara reforzar la seguridad, se requiere una amplia colaboraci\u00f3n interinstitucional, por ello, la Fiscal\u00eda de Oaxaca trabaja conjuntamente con la Defensa Nacional (DEFENSA), Guardia Nacional (GN), Secretar\u00eda de Seguridad P\u00fablica Federal y Protecci\u00f3n Ciudadana y Polic\u00eda Estatal\u201d, dijo.<\/p>\n\n\n\n<p>Bernardo Rodr\u00edguez explic\u00f3 que, a trav\u00e9s de esta estrategia de fortalecimiento, se han instalado filtros de seguridad en \u00e1reas espec\u00edficas, ejecuciones de cateos y cumplimientos de \u00f3rdenes de aprehensi\u00f3n, as\u00ed como investigaciones y labores de inteligencia.<\/p>\n\n\n\n<p>Gracias a dichas acciones, se logr\u00f3 la detenci\u00f3n de 37 personas, 32 hombres y cinco mujeres considerados como objetivos prioritarios por su probable participaci\u00f3n en actividades delictivas como: ejecuciones, narcomenudeo, tr\u00e1fico de personas migrantes y extorsi\u00f3n.<\/p>\n\n\n\n<p>Asimismo, indic\u00f3 que con este operativo se busca reducir la incidencia de los delitos m\u00e1s recurrentes registrados en esa zona, como lo son: homicidio doloso, narcomenudeo, secuestro, extorsi\u00f3n y halconeo.<\/p>\n\n\n\n<p>En este sentido, detall\u00f3 que en los \u00faltimos meses se ha logrado una importante disminuci\u00f3n respecto a los delitos de alto impacto en la regi\u00f3n, especialmente, en el delito de homicidio doloso.<\/p>\n\n\n\n<figure class=\"wp-block-embed is-type-rich is-provider-twitter wp-block-embed-twitter\"><div class=\"wp-block-embed__wrapper\">\n<div class=\"twitter-tweet\"><blockquote class=\"twitter-tweet\" data-lang=\"es\"><p lang=\"es\" dir=\"ltr\">En la conferencia de prensa del gabinete de seguridad esta ma\u00f1ana, toma parte el responsable de la <a href=\"https:\/\/twitter.com\/FISCALIA_GobOax?ref_src=twsrc%5Etfw\">@FISCALIA_GobOax<\/a>, <a href=\"https:\/\/twitter.com\/FiscalOaxaca?ref_src=twsrc%5Etfw\">@FiscalOaxaca<\/a>, quien detalle la operaci\u00f3n \u201cSable\u201d en la regi\u00f3n del Istmo, con la participaci\u00f3n de fuerzas federales, y en que se han logrado aprehensiones\u2026 <a href=\"https:\/\/t.co\/334nRa7irU\">pic.twitter.com\/334nRa7irU<\/a><\/p>&mdash; Zona Roja Oaxaca (@ZonaRoja_Oaxaca) <a href=\"https:\/\/twitter.com\/ZonaRoja_Oaxaca\/status\/1915451147680379225?ref_src=twsrc%5Etfw\">24 de abril de 2025<\/a><\/blockquote><\/div>\n<\/div><\/figure>\n","protected":false},"excerpt":{"rendered":"<p>Redacci\u00f3n\/Zona Roja.&nbsp; Oaxaca de Ju\u00e1rez, Oax., a 24 de abril de 2025.- Van 37 detenciones&hellip;<\/p>\n","protected":false},"author":2,"featured_media":79680,"comment_status":"closed","ping_status":"open","sticky":false,"template":"","format":"standard","meta":{"_lmt_disableupdate":"","_lmt_disable":"","_jetpack_memberships_contains_paid_content":false,"footnotes":""},"categories":[109,46],"tags":[494],"class_list":["post-79679","post","type-post","status-publish","format-standard","has-post-thumbnail","hentry","category-minuto-a-minuto","category-zona-blanca","tag-fiscalia-general-del-estado-de-oaxaca"],"jetpack_featured_media_url":"https:\/\/zonaroja.com.mx\/wp-content\/uploads\/2025\/04\/Fiscal-Bernardo-Rodriguez-Alamilla.jpeg","jetpack_sharing_enabled":true,"_links":{"self":[{"href":"https:\/\/zonaroja.com.mx\/index.php?rest_route=\/wp\/v2\/posts\/79679","targetHints":{"allow":["GET"]}}],"collection":[{"href":"https:\/\/zonaroja.com.mx\/index.php?rest_route=\/wp\/v2\/posts"}],"about":[{"href":"https:\/\/zonaroja.com.mx\/index.php?rest_route=\/wp\/v2\/types\/post"}],"author":[{"embeddable":true,"href":"https:\/\/zonaroja.com.mx\/index.php?rest_route=\/wp\/v2\/users\/2"}],"replies":[{"embeddable":true,"href":"https:\/\/zonaroja.com.mx\/index.php?rest_route=%2Fwp%2Fv2%2Fcomments&post=79679"}],"version-history":[{"count":1,"href":"https:\/\/zonaroja.com.mx\/index.php?rest_route=\/wp\/v2\/posts\/79679\/revisions"}],"predecessor-version":[{"id":79681,"href":"https:\/\/zonaroja.com.mx\/index.php?rest_route=\/wp\/v2\/posts\/79679\/revisions\/79681"}],"wp:featuredmedia":[{"embeddable":true,"href":"https:\/\/zonaroja.com.mx\/index.php?rest_route=\/wp\/v2\/media\/79680"}],"wp:attachment":[{"href":"https:\/\/zonaroja.com.mx\/index.php?rest_route=%2Fwp%2Fv2%2Fmedia&parent=79679"}],"wp:term":[{"taxonomy":"category","embeddable":true,"href":"https:\/\/zonaroja.com.mx\/index.php?rest_route=%2Fwp%2Fv2%2Fcategories&post=79679"},{"taxonomy":"post_tag","embeddable":true,"href":"https:\/\/zonaroja.com.mx\/index.php?rest_route=%2Fwp%2Fv2%2Ftags&post=79679"}],"curies":[{"name":"wp","href":"https:\/\/api.w.org\/{rel}","templated":true}]}}