{"id":79685,"date":"2025-04-25T07:15:00","date_gmt":"2025-04-25T13:15:00","guid":{"rendered":"https:\/\/zonaroja.com.mx\/?p=79685"},"modified":"2025-04-25T06:53:52","modified_gmt":"2025-04-25T12:53:52","slug":"atencion-morena-va-por-censura-a-plataformas-digitales","status":"publish","type":"post","link":"https:\/\/zonaroja.com.mx\/?p=79685","title":{"rendered":"Atenci\u00f3n: \u00bfMorena va por censura a plataformas digitales?"},"content":{"rendered":"\n<p>Redacci\u00f3n\/Zona Roja Cdmx.<\/p>\n\n\n\n<p>Ciudad de M\u00e9xico, a 25 de abril de 2025.- En comisiones unidas del Senado avanzaron las modificaciones a la Ley en Materia de Telecomunicaciones y Radiodifusi\u00f3n para prohibir la difusi\u00f3n de propaganda de gobiernos extranjeros en M\u00e9xico, luego de que en d\u00edas recientes se transmitiera en cadenas de televisi\u00f3n mexicanas un spot antiinmigrante de Estados Unidos.<\/p>\n\n\n\n<p>Los partidos PRI, PAN y MC alzaron la voz en contra de las reformas a la Ley de Telecomunicaciones, aprobadas por las comisiones unidas de Radio, Televisi\u00f3n y Cinematograf\u00eda; de Comunicaciones y Transportes; y de Estudios Legislativos.<\/p>\n\n\n\n<p>Una de sus mayores preocupaciones es lo establecido en el art\u00edculo 109, que presuntamente otorga a la Agencia de Transformaci\u00f3n Digital y Telecomunicaciones (ATDT) la facultad de bloquear plataformas digitales y redes sociales.<\/p>\n\n\n\n<p>El art\u00edculo 109, contenido en el cap\u00edtulo VIII de la Ley de Telecomunicaciones, establece que \u201clas autoridades competentes podr\u00e1n solicitar la colaboraci\u00f3n de la agencia (ATDT) para bloquear temporalmente una plataforma digital, en los casos en que sea procedente por incumplimiento de disposiciones u obligaciones previstas en las respectivas normativas que les sean aplicables\u201d.<\/p>\n\n\n\n<p>De acuerdo con el texto aprobado por el Senado, la ATDT ser\u00e1 la encargada de emitir los lineamientos bajo los cuales podr\u00e1 proceder el bloqueo de una plataforma digital.<\/p>\n\n\n\n<p>Ricardo Anaya Cort\u00e9s, senador y l\u00edder de la bancada del PAN, se\u00f1al\u00f3 que el gobierno tiene una obsesi\u00f3n por controlar los medios de comunicaci\u00f3n y difusi\u00f3n, al otorgarle dichas facultades a la agencia para decidir qu\u00e9 s\u00ed y qu\u00e9 no puede transmitirse en radio, televisi\u00f3n, internet y redes sociales. \u201cEsta es la Ley Censura, y la muestra es el art\u00edculo 109, que habla de que pueden bloquear alguna plataforma digital\u201d, advirti\u00f3.<\/p>\n\n\n\n<p>El legislador del PRI, Manuel A\u00f1orve Ba\u00f1os, asegur\u00f3 que la modificaci\u00f3n al art\u00edculo 109 de la Ley de Telecomunicaciones otorgar\u00e1 facultades al gobierno para \u201ccensurar las plataformas digitales, redes sociales, sitios web y aplicaciones sin necesidad de una orden judicial, sin mandato judicial, sin l\u00edmite de tiempo, sin contrapesos ni procedimientos claros\u201d.<\/p>\n\n\n\n<p>En su conferencia matutina de este 24 de abril, la presidenta de M\u00e9xico, Claudia Sheinbaum, neg\u00f3 que la iniciativa de reforma a la Ley de Telecomunicaciones y Radiodifusi\u00f3n tenga como objetivo censurar plataformas digitales.<\/p>\n\n\n\n<p>La mandataria afirm\u00f3 que la propuesta no busca censurar contenidos, sino regular el sector digital y de telecomunicaciones. Sin embargo, reconoci\u00f3 que el art\u00edculo 109 podr\u00eda generar confusiones y sugiri\u00f3 corregirlo para evitar malentendidos.<\/p>\n\n\n\n<p>\u201cLa agencia tiene atribuci\u00f3n para avisarle a la plataforma que va a bajar. Pero no tiene nada que ver con el contenido de las plataformas, jam\u00e1s ser\u00eda nuestra intenci\u00f3n censurar; siempre hemos estado en contra de la censura\u201d, expres\u00f3 Claudia Sheinbaum.<\/p>\n\n\n\n<p>La presidenta explic\u00f3 que esta medida se aplicar\u00eda en situaciones relacionadas con seguridad, evasi\u00f3n fiscal u otras violaciones legales, y no afectar\u00eda el contenido de las plataformas digitales.<\/p>\n\n\n\n<p>(Informaci\u00f3n de \u201cEl Financiero\u201d)<\/p>\n","protected":false},"excerpt":{"rendered":"<p>Redacci\u00f3n\/Zona Roja Cdmx. Ciudad de M\u00e9xico, a 25 de abril de 2025.- En comisiones unidas&hellip;<\/p>\n","protected":false},"author":2,"featured_media":79686,"comment_status":"closed","ping_status":"open","sticky":false,"template":"","format":"standard","meta":{"_lmt_disableupdate":"","_lmt_disable":"","_jetpack_memberships_contains_paid_content":false,"footnotes":""},"categories":[109,47],"tags":[],"class_list":["post-79685","post","type-post","status-publish","format-standard","has-post-thumbnail","hentry","category-minuto-a-minuto","category-zona-gris"],"jetpack_featured_media_url":"https:\/\/zonaroja.com.mx\/wp-content\/uploads\/2025\/04\/Censura.jpg","jetpack_sharing_enabled":true,"_links":{"self":[{"href":"https:\/\/zonaroja.com.mx\/index.php?rest_route=\/wp\/v2\/posts\/79685","targetHints":{"allow":["GET"]}}],"collection":[{"href":"https:\/\/zonaroja.com.mx\/index.php?rest_route=\/wp\/v2\/posts"}],"about":[{"href":"https:\/\/zonaroja.com.mx\/index.php?rest_route=\/wp\/v2\/types\/post"}],"author":[{"embeddable":true,"href":"https:\/\/zonaroja.com.mx\/index.php?rest_route=\/wp\/v2\/users\/2"}],"replies":[{"embeddable":true,"href":"https:\/\/zonaroja.com.mx\/index.php?rest_route=%2Fwp%2Fv2%2Fcomments&post=79685"}],"version-history":[{"count":1,"href":"https:\/\/zonaroja.com.mx\/index.php?rest_route=\/wp\/v2\/posts\/79685\/revisions"}],"predecessor-version":[{"id":79687,"href":"https:\/\/zonaroja.com.mx\/index.php?rest_route=\/wp\/v2\/posts\/79685\/revisions\/79687"}],"wp:featuredmedia":[{"embeddable":true,"href":"https:\/\/zonaroja.com.mx\/index.php?rest_route=\/wp\/v2\/media\/79686"}],"wp:attachment":[{"href":"https:\/\/zonaroja.com.mx\/index.php?rest_route=%2Fwp%2Fv2%2Fmedia&parent=79685"}],"wp:term":[{"taxonomy":"category","embeddable":true,"href":"https:\/\/zonaroja.com.mx\/index.php?rest_route=%2Fwp%2Fv2%2Fcategories&post=79685"},{"taxonomy":"post_tag","embeddable":true,"href":"https:\/\/zonaroja.com.mx\/index.php?rest_route=%2Fwp%2Fv2%2Ftags&post=79685"}],"curies":[{"name":"wp","href":"https:\/\/api.w.org\/{rel}","templated":true}]}}