{"id":79688,"date":"2025-04-25T08:15:00","date_gmt":"2025-04-25T14:15:00","guid":{"rendered":"https:\/\/zonaroja.com.mx\/?p=79688"},"modified":"2025-04-25T06:59:53","modified_gmt":"2025-04-25T12:59:53","slug":"encabeza-oaxaca-lista-de-agresiones-contra-defensores-de-derechos","status":"publish","type":"post","link":"https:\/\/zonaroja.com.mx\/?p=79688","title":{"rendered":"Encabeza Oaxaca lista de agresiones contra defensores de derechos"},"content":{"rendered":"\n<p>Redacci\u00f3n\/Zona Roja.<\/p>\n\n\n\n<p>Oaxaca de Ju\u00e1rez, Oax., a 25 de abril de 2025.- En M\u00e9xico al menos 25 personas defensoras de los derechos humanos ambientales perdieron la vida a causa de su labor el a\u00f1o pasado, 21 homicidios y 4 ejecuciones extrajudiciales. Esta cifra ocupa el segundo lugar de los \u00faltimos 10 a\u00f1os, solo despu\u00e9s del a\u00f1o 2017 (29 defensores asesinados). As\u00ed ha documentado en su m\u00e1s reciente informe el Centro Mexicano de Derecho Ambiental, A.C. (CEMDA).<\/p>\n\n\n\n<p>En el 11\u00b0 Informe sobre la situaci\u00f3n de las personas y comunidades defensoras de los derechos humanos ambientales en M\u00e9xico, CEMDA da cuenta de que el 2024 fue, nuevamente, un a\u00f1o muy violento para las personas y comunidades defensoras, registrando 94 eventos de agresi\u00f3n, con 236 agresiones espec\u00edficas en contra de personas defensoras del medio ambiente.<\/p>\n\n\n\n<p>A pesar de que se\u00f1alan una disminuci\u00f3n en el n\u00famero total de agresiones registradas en contra de activistas, recalcan que el n\u00famero de asesinatos documentados en 2024 se increment\u00f3 de 20 a 25 con relaci\u00f3n al 2023.<\/p>\n\n\n\n<p>\u201cEn los \u00faltimos 10 a\u00f1os en CEMDA hemos documentado 189 agresiones letales en contra de personas defensoras del medio ambiente, la tierra y el territorio. Estos datos son similares a los reportados por otras organizaciones a nivel internacional, como es el caso de Global Witness, la cual coloca a M\u00e9xico en el cuarto lugar en el mundo en asesinatos a personas defensoras del medio ambiente.&nbsp;<\/p>\n\n\n\n<p>En el mismo sentido, la Oficina en M\u00e9xico del Alto Comisionado de las Naciones Unidas para los Derechos Humanos ha se\u00f1alado que, entre 2019 y 2023, 138 personas defensoras de derechos humanos y periodistas fueron v\u00edctimas de asesinato en el pa\u00eds\u201d se\u00f1alan en su bolet\u00edn de prensa.<\/p>\n\n\n\n<p>Documentaron que el Estado fue el principal agente agresor, con una participaci\u00f3n en 62 eventos de agresi\u00f3n, de un total de 94. Esto equivale al 65.9% del total de agresiones. Este porcentaje se increment\u00f3 dr\u00e1sticamente, considerando que en el a\u00f1o 2023 fue del 49.5%. Resalta tambi\u00e9n el incremento en el n\u00famero de agresiones en las que participaron empresas privadas y grupos de la delincuencia organizada, con participaci\u00f3n en un total de 25 y 17 eventos de agresi\u00f3n, respectivamente.<\/p>\n\n\n\n<p>Oaxaca es el estado que encabeza la lista de agresiones contra personas defensoras: Oaxaca (15), Chiapas (9), Michoac\u00e1n (9), Puebla (9) y Veracruz (8). En estos cinco estados sucedieron 50 de los 94 eventos de agresi\u00f3n documentados, lo cual equivale al 53.1%. En estos mismos estados se documentaron 127 agresiones espec\u00edficas de un total de 236 documentadas, lo cual representa el 53.8%. Otros estados con un n\u00famero alto de eventos de agresiones fueron Quintana Roo (7), Ciudad de M\u00e9xico (7), Sonora (5) y Baja California Sur (5).<\/p>\n\n\n\n<p>Cabe recalcar que en Educa, a trav\u00e9s de su conteo sobre agresiones a personas defensoras, se ha documentado que el sur-sureste es la regi\u00f3n m\u00e1s peligrosa para la defensa comunitaria; documentaron que en los \u00faltimos seis a\u00f1os Oaxaca registr\u00f3 58 personas defensoras asesinadas. Le siguen Guerrero con 39 y Chiapas con 17 personas defensoras asesinadas. Estos 114 asesinatos de personas defensoras en el Sur-Sureste representan el 51 % de todos los casos en M\u00e9xico.<\/p>\n\n\n\n<p>(Informaci\u00f3n de Educa A. C.)<\/p>\n","protected":false},"excerpt":{"rendered":"<p>Redacci\u00f3n\/Zona Roja. Oaxaca de Ju\u00e1rez, Oax., a 25 de abril de 2025.- En M\u00e9xico al&hellip;<\/p>\n","protected":false},"author":2,"featured_media":79689,"comment_status":"closed","ping_status":"open","sticky":false,"template":"","format":"standard","meta":{"_lmt_disableupdate":"","_lmt_disable":"","_jetpack_memberships_contains_paid_content":false,"footnotes":""},"categories":[109,47],"tags":[],"class_list":["post-79688","post","type-post","status-publish","format-standard","has-post-thumbnail","hentry","category-minuto-a-minuto","category-zona-gris"],"jetpack_featured_media_url":"https:\/\/zonaroja.com.mx\/wp-content\/uploads\/2025\/04\/Defensores-de-derechos-humanos.jpg","jetpack_sharing_enabled":true,"_links":{"self":[{"href":"https:\/\/zonaroja.com.mx\/index.php?rest_route=\/wp\/v2\/posts\/79688","targetHints":{"allow":["GET"]}}],"collection":[{"href":"https:\/\/zonaroja.com.mx\/index.php?rest_route=\/wp\/v2\/posts"}],"about":[{"href":"https:\/\/zonaroja.com.mx\/index.php?rest_route=\/wp\/v2\/types\/post"}],"author":[{"embeddable":true,"href":"https:\/\/zonaroja.com.mx\/index.php?rest_route=\/wp\/v2\/users\/2"}],"replies":[{"embeddable":true,"href":"https:\/\/zonaroja.com.mx\/index.php?rest_route=%2Fwp%2Fv2%2Fcomments&post=79688"}],"version-history":[{"count":1,"href":"https:\/\/zonaroja.com.mx\/index.php?rest_route=\/wp\/v2\/posts\/79688\/revisions"}],"predecessor-version":[{"id":79690,"href":"https:\/\/zonaroja.com.mx\/index.php?rest_route=\/wp\/v2\/posts\/79688\/revisions\/79690"}],"wp:featuredmedia":[{"embeddable":true,"href":"https:\/\/zonaroja.com.mx\/index.php?rest_route=\/wp\/v2\/media\/79689"}],"wp:attachment":[{"href":"https:\/\/zonaroja.com.mx\/index.php?rest_route=%2Fwp%2Fv2%2Fmedia&parent=79688"}],"wp:term":[{"taxonomy":"category","embeddable":true,"href":"https:\/\/zonaroja.com.mx\/index.php?rest_route=%2Fwp%2Fv2%2Fcategories&post=79688"},{"taxonomy":"post_tag","embeddable":true,"href":"https:\/\/zonaroja.com.mx\/index.php?rest_route=%2Fwp%2Fv2%2Ftags&post=79688"}],"curies":[{"name":"wp","href":"https:\/\/api.w.org\/{rel}","templated":true}]}}