{"id":79712,"date":"2025-04-25T21:58:25","date_gmt":"2025-04-26T03:58:25","guid":{"rendered":"https:\/\/zonaroja.com.mx\/?p=79712"},"modified":"2025-04-25T21:58:26","modified_gmt":"2025-04-26T03:58:26","slug":"condenan-a-individuo-por-acoso-sexual-en-un-camion-de-transporte","status":"publish","type":"post","link":"https:\/\/zonaroja.com.mx\/?p=79712","title":{"rendered":"Condenan a individuo por acoso sexual en un cami\u00f3n de transporte"},"content":{"rendered":"\n<p>Redacci\u00f3n\/Zona Roja.&nbsp;<\/p>\n\n\n\n<p>Oaxaca de Ju\u00e1rez, Oax., a 25 de abril de 2025.- Como parte de la estrategia de combate a los delitos cometidos en contra de ni\u00f1as, ni\u00f1os, adolescentes y mujeres, la Fiscal\u00eda General del estado de Oaxaca (FGEO) obtuvo una sentencia condenatoria de dos a\u00f1os de prisi\u00f3n en contra de una persona del sexo masculino identificada como Rigoberto A.E., por el delito de acoso sexual agravado, cometido en la regi\u00f3n de la Cuenca del Papaloapan.<\/p>\n\n\n\n<p>De acuerdo con el expediente penal, los hechos ocurrieron el 5 de julio de 2024, cuando la v\u00edctima -una adolescente de 17 a\u00f1os de edad, cuya identidad est\u00e1 protegida por ley-, viajaba en el transporte p\u00fablico en la ciudad de San Juan Bautista Tuxtepec, lugar donde el agresor quien iba sentado a lado opuesto de ella, tuvo una conducta obscena que, de acuerdo con el C\u00f3digo Penal Vigente del Estado de Oaxaca, se configura como delito de Acoso Sexual Agravado.<\/p>\n\n\n\n<p>Ante los hechos, la v\u00edctima pidi\u00f3 auxilio al conductor del cami\u00f3n urbano quien, a su vez, solicit\u00f3 apoyo de la polic\u00eda municipal que realiz\u00f3 la detenci\u00f3n del agresor.<\/p>\n\n\n\n<p>Derivado de las investigaciones ministeriales con perspectiva de g\u00e9nero que lleva a cabo la FGEO, a trav\u00e9s de la Vicefiscal\u00eda Regional de la Cuenca, el Juez obtuvo los elementos jur\u00eddicos necesarios para establecer la responsabilidad de Rigoberto A.E., en la comisi\u00f3n del delito de acoso sexual agravado, por lo que recibi\u00f3 sentencia condenatoria de dos a\u00f1os y dos d\u00edas de prisi\u00f3n en contra de Rigoberto A.E., adem\u00e1s de establecer el pago de una multa y la reparaci\u00f3n del da\u00f1o en abstracto.<\/p>\n\n\n\n<p>POR VIOLACI\u00d3N<\/p>\n\n\n\n<p>En otro caso, la Fiscal\u00eda General dio cumplimiento a una orden de aprehensi\u00f3n contra una persona del sexo masculino identificado como \u00c1.J.G.R., por los delitos de Violaci\u00f3n Agravada y Violaci\u00f3n Agravada Equiparada en perjuicio de su pareja, en hechos cometidos en la regi\u00f3n la Costa.<\/p>\n\n\n\n<p>Los hechos ocurrieron en diferentes fechas de los meses de enero, febrero y marzo de 2025, cuando la v\u00edctima (una mujer, cuya identidad est\u00e1 protegida por ley) se encontraba en un domicilio ubicado en el Barrio Punta Ba\u00f1ada perteneciente a Puerto \u00c1ngel en el municipio de San Pedro Pochutla, lugar donde fue agredida f\u00edsica y sexualmente.<\/p>\n\n\n\n<p>Luego de que la FGEO tom\u00f3 conocimiento del caso a trav\u00e9s de la denuncia interpuesta, inici\u00f3 las investigaciones&nbsp; correspondientes a trav\u00e9s de la Fiscal\u00eda Especializada para la Atenci\u00f3n a Delitos Contra la Mujer por Raz\u00f3n de G\u00e9nero, logrando obtener una orden de aprehensi\u00f3n en contra de \u00c1.J.G.R., por los delitos de violaci\u00f3n agravada y violaci\u00f3n agravada equiparada.<\/p>\n\n\n\n<p>Una vez localizado, elementos de la Agencia Estatal de Investigaciones de la Vicefiscal\u00eda Regional de la Costa, dieron cumplimiento al mandato judicial, logrando la detenci\u00f3n de \u00c1.J.G.R., quien fue llevado ante el agente del ministerio p\u00fablico para resolver su situaci\u00f3n jur\u00eddica.<\/p>\n\n\n\n<p>POR LADR\u00d3N<\/p>\n\n\n\n<p>En tanto, la Fiscal\u00eda General obtuvo auto de vinculaci\u00f3n a proceso y prisi\u00f3n preventiva contra una persona del sexo masculino identificada por las iniciales J.M.R.R. o M.R. \u201calias el Jairo\u201d imputado por los delitos de Homicidio calificado y Robo con violencia, ocurrido en la regi\u00f3n de los Valles Centrales.<\/p>\n\n\n\n<p>De acuerdo con lo asentado en el expediente penal del caso, los hechos sucedieron el 11 de marzo de 2025, cuando el agresor ingres\u00f3 de manera ilegal a un inmueble ubicado en diagonal de Mercaderes, de la colonia Art\u00edculo 123 del mercado de Abasto, en la ciudad de Oaxaca de Ju\u00e1rez, lugar donde se encontraban las v\u00edctimas identificadas como M.I.V.G. (mujer) y F.D.R. (hombre).<\/p>\n\n\n\n<p>La investigaci\u00f3n detalla que, en ese domicilio, las v\u00edctimas fueron sometidas con el objetivo de robarles objetos de valor.<\/p>\n\n\n\n<p>Derivado de los hechos, la v\u00edctima M.I.V.G. falleci\u00f3 a consecuencia de las lesiones sufridas durante la comisi\u00f3n de los hechos.<\/p>\n\n\n\n<p>Ante ello, la FGEO, a trav\u00e9s de la Fiscal\u00eda Especializada para la Atenci\u00f3n a Delitos contra la Mujer por Raz\u00f3n de G\u00e9nero, realiz\u00f3 las investigaciones correspondientes que permitieron obtener la orden de aprehensi\u00f3n en contra de J.M.R.R. o M.R. ,alias \u201cEl Jairo\u201d, por los delitos de Homicidio calificado en agravio de M.I.V.G., y Robo con violencia en agravio de F.D.R., quien fue detenido por elementos de la Agencia Estatal de Investigaciones (AEI) para posteriormente ponerlo a disposici\u00f3n de la autoridad competente que lo requiri\u00f3.<\/p>\n\n\n\n<p>El juez de la causa valor\u00f3 las pruebas aportadas por la FGEO y conforme a ello, dict\u00f3 auto de vinculaci\u00f3n a proceso en contra de J.M.R.R. o M.R. \u201calias el Jairo\u201d, e impuso la medida cautelar de prisi\u00f3n preventiva oficiosa y otorg\u00f3 un plazo de dos meses para el cierre de la investigaci\u00f3n complementaria.<\/p>\n","protected":false},"excerpt":{"rendered":"<p>Redacci\u00f3n\/Zona Roja.&nbsp; Oaxaca de Ju\u00e1rez, Oax., a 25 de abril de 2025.- Como parte de&hellip;<\/p>\n","protected":false},"author":2,"featured_media":79713,"comment_status":"closed","ping_status":"open","sticky":false,"template":"","format":"standard","meta":{"_lmt_disableupdate":"","_lmt_disable":"","_jetpack_memberships_contains_paid_content":false,"footnotes":""},"categories":[109,46],"tags":[494],"class_list":["post-79712","post","type-post","status-publish","format-standard","has-post-thumbnail","hentry","category-minuto-a-minuto","category-zona-blanca","tag-fiscalia-general-del-estado-de-oaxaca"],"jetpack_featured_media_url":"https:\/\/zonaroja.com.mx\/wp-content\/uploads\/2025\/04\/Agresor-sexual-en-la.-Cuenca.jpeg","jetpack_sharing_enabled":true,"_links":{"self":[{"href":"https:\/\/zonaroja.com.mx\/index.php?rest_route=\/wp\/v2\/posts\/79712","targetHints":{"allow":["GET"]}}],"collection":[{"href":"https:\/\/zonaroja.com.mx\/index.php?rest_route=\/wp\/v2\/posts"}],"about":[{"href":"https:\/\/zonaroja.com.mx\/index.php?rest_route=\/wp\/v2\/types\/post"}],"author":[{"embeddable":true,"href":"https:\/\/zonaroja.com.mx\/index.php?rest_route=\/wp\/v2\/users\/2"}],"replies":[{"embeddable":true,"href":"https:\/\/zonaroja.com.mx\/index.php?rest_route=%2Fwp%2Fv2%2Fcomments&post=79712"}],"version-history":[{"count":1,"href":"https:\/\/zonaroja.com.mx\/index.php?rest_route=\/wp\/v2\/posts\/79712\/revisions"}],"predecessor-version":[{"id":79714,"href":"https:\/\/zonaroja.com.mx\/index.php?rest_route=\/wp\/v2\/posts\/79712\/revisions\/79714"}],"wp:featuredmedia":[{"embeddable":true,"href":"https:\/\/zonaroja.com.mx\/index.php?rest_route=\/wp\/v2\/media\/79713"}],"wp:attachment":[{"href":"https:\/\/zonaroja.com.mx\/index.php?rest_route=%2Fwp%2Fv2%2Fmedia&parent=79712"}],"wp:term":[{"taxonomy":"category","embeddable":true,"href":"https:\/\/zonaroja.com.mx\/index.php?rest_route=%2Fwp%2Fv2%2Fcategories&post=79712"},{"taxonomy":"post_tag","embeddable":true,"href":"https:\/\/zonaroja.com.mx\/index.php?rest_route=%2Fwp%2Fv2%2Ftags&post=79712"}],"curies":[{"name":"wp","href":"https:\/\/api.w.org\/{rel}","templated":true}]}}