{"id":79715,"date":"2025-04-26T07:45:00","date_gmt":"2025-04-26T13:45:00","guid":{"rendered":"https:\/\/zonaroja.com.mx\/?p=79715"},"modified":"2025-04-26T07:23:54","modified_gmt":"2025-04-26T13:23:54","slug":"va-por-segundo-dia-bloqueo-en-tehuantepec-por-hermana-de-funcionaria","status":"publish","type":"post","link":"https:\/\/zonaroja.com.mx\/?p=79715","title":{"rendered":"Va por segundo d\u00eda bloqueo en Tehuantepec\u2026 por hermana de funcionaria"},"content":{"rendered":"\n<p>Raymundo Morales\/Zona Roja.<\/p>\n\n\n\n<p>Oaxaca de Ju\u00e1rez, Oax., a 26 de abril de 2025.- Por segundo d\u00eda, un grupo de personas bloquea el acceso carretero a Santo Domingo Tehuantepec, a la altura del puente de fierro.<\/p>\n\n\n\n<p>Y la actividad es encabezada por Deysi Leticia Nolasco Ramirez, hermana de la titular de la Secretar\u00eda de Movilidad del gobierno de Oaxaca, Yesenia Nolasco Ram\u00edrez.<\/p>\n\n\n\n<p>Seg\u00fan los denunciantes, la presidenta municipal de Tehuantepec, Ana Cecilia P\u00e9rez, no ha querido atender la grave problem\u00e1tica de falta de obras y servicios b\u00e1sicos en varios asentamientos, entre ellos la colonia Emiliano Zapata.<\/p>\n\n\n\n<p>El bloqueo se instal\u00f3 ayer despu\u00e9s del mediod\u00eda por parte de los colonos, quienes exigieron la presencia de la alcaldesa, sin embargo, \u00e9sta jam\u00e1s se present\u00f3 en el sitio, por lo cual mantienen su protesta.<\/p>\n\n\n\n<p>Seg\u00fan dieron a conocer, la colonia Emiliano Zapata tiene m\u00faltiples carencias como calles sin pavimentaci\u00f3n, drenaje, agua potable y seguridad.<\/p>\n\n\n\n<p>De la misma manera, acusaron que la anterior presidenta municipal, Vilma Mart\u00ednez Cort\u00e9s, ahora secretaria de Bienestar del gobierno estatal, tampoco tuvo inter\u00e9s en atender sus demandas sociales, pese a que permaneci\u00f3 en el cargo por dos periodos, es decir seis a\u00f1os.<\/p>\n\n\n\n<p>Los afectados, la mayor\u00eda de ciudadanos de Tehuantepec lamentaron que una hermana de una alta funcionaria est\u00e9 causando afectaciones a la poblaci\u00f3n en general, por lo cual demandaron la intervenci\u00f3n del gobernador Salom\u00f3n Jara Cruz.<\/p>\n\n\n\n<p>Por lo pronto, la \u00fanica alternativa para transitar en la zona es por la supercarretera Salina Cruz-La Ventosa.<\/p>\n","protected":false},"excerpt":{"rendered":"<p>Raymundo Morales\/Zona Roja. Oaxaca de Ju\u00e1rez, Oax., a 26 de abril de 2025.- Por segundo&hellip;<\/p>\n","protected":false},"author":2,"featured_media":79716,"comment_status":"closed","ping_status":"open","sticky":false,"template":"","format":"standard","meta":{"_lmt_disableupdate":"","_lmt_disable":"","_jetpack_memberships_contains_paid_content":false,"footnotes":""},"categories":[109,47],"tags":[125],"class_list":["post-79715","post","type-post","status-publish","format-standard","has-post-thumbnail","hentry","category-minuto-a-minuto","category-zona-gris","tag-santo-domingo-tehuantepec"],"jetpack_featured_media_url":"https:\/\/zonaroja.com.mx\/wp-content\/uploads\/2025\/04\/Bloqueo-Tehuantepec-.jpg","jetpack_sharing_enabled":true,"_links":{"self":[{"href":"https:\/\/zonaroja.com.mx\/index.php?rest_route=\/wp\/v2\/posts\/79715","targetHints":{"allow":["GET"]}}],"collection":[{"href":"https:\/\/zonaroja.com.mx\/index.php?rest_route=\/wp\/v2\/posts"}],"about":[{"href":"https:\/\/zonaroja.com.mx\/index.php?rest_route=\/wp\/v2\/types\/post"}],"author":[{"embeddable":true,"href":"https:\/\/zonaroja.com.mx\/index.php?rest_route=\/wp\/v2\/users\/2"}],"replies":[{"embeddable":true,"href":"https:\/\/zonaroja.com.mx\/index.php?rest_route=%2Fwp%2Fv2%2Fcomments&post=79715"}],"version-history":[{"count":1,"href":"https:\/\/zonaroja.com.mx\/index.php?rest_route=\/wp\/v2\/posts\/79715\/revisions"}],"predecessor-version":[{"id":79717,"href":"https:\/\/zonaroja.com.mx\/index.php?rest_route=\/wp\/v2\/posts\/79715\/revisions\/79717"}],"wp:featuredmedia":[{"embeddable":true,"href":"https:\/\/zonaroja.com.mx\/index.php?rest_route=\/wp\/v2\/media\/79716"}],"wp:attachment":[{"href":"https:\/\/zonaroja.com.mx\/index.php?rest_route=%2Fwp%2Fv2%2Fmedia&parent=79715"}],"wp:term":[{"taxonomy":"category","embeddable":true,"href":"https:\/\/zonaroja.com.mx\/index.php?rest_route=%2Fwp%2Fv2%2Fcategories&post=79715"},{"taxonomy":"post_tag","embeddable":true,"href":"https:\/\/zonaroja.com.mx\/index.php?rest_route=%2Fwp%2Fv2%2Ftags&post=79715"}],"curies":[{"name":"wp","href":"https:\/\/api.w.org\/{rel}","templated":true}]}}