{"id":79721,"date":"2025-04-26T09:52:00","date_gmt":"2025-04-26T15:52:00","guid":{"rendered":"https:\/\/zonaroja.com.mx\/?p=79721"},"modified":"2025-04-26T07:54:20","modified_gmt":"2025-04-26T13:54:20","slug":"pide-la-onu-a-mexico-respetar-la-libertad-de-expresion","status":"publish","type":"post","link":"https:\/\/zonaroja.com.mx\/?p=79721","title":{"rendered":"Pide la ONU a M\u00e9xico respetar la libertad de expresi\u00f3n"},"content":{"rendered":"\n<p>Redacci\u00f3n\/Zona Roja Cdmx.<\/p>\n\n\n\n<p>Ciudad de M\u00e9xico, a 26 de abril de 2025.- La Oficina en M\u00e9xico del Alto Comisionado de las Naciones Unidas para los Derechos Humanos (ONU-DH) expres\u00f3 su preocupaci\u00f3n por las reformas propuestas a la Ley Federal de Telecomunicaciones y Radiodifusi\u00f3n, las cuales podr\u00edan afectar la libertad de expresi\u00f3n en el pa\u00eds.<\/p>\n\n\n\n<p>La ONU-DH inst\u00f3 al Gobierno de M\u00e9xico a garantizar que cualquier modificaci\u00f3n legislativa respete plenamente los est\u00e1ndares internacionales en materia de derechos humanos.<\/p>\n\n\n\n<p>\u201cAnte la presentaci\u00f3n de la iniciativa de Ley de Telecomunicaciones y Radiodifusi\u00f3n, hacemos respetuoso llamado al Senado de la Rep\u00fablica a garantizar espacios de consulta y considerar est\u00e1ndares internacionales en libertad de expresi\u00f3n, informaci\u00f3n, privacidad, derechos digitales e ind\u00edgenas\u201d, escribi\u00f3 la ONU-DH M\u00e9xico en su perfil de X.<\/p>\n\n\n\n<p>Uno de los puntos m\u00e1s controvertidos de la reforma es el art\u00edculo 109, que permitir\u00eda a la Agencia de Transformaci\u00f3n Digital y Telecomunicaciones (ATDT) bloquear temporalmente plataformas digitales, como redes sociales y servicios de mensajer\u00eda, sin una definici\u00f3n clara de las condiciones bajo las cuales se aplicar\u00eda dicha medida.<\/p>\n\n\n\n<p>Tal ambig\u00fcedad ha generado inquietud entre organizaciones de la sociedad civil y expertos en derechos humanos temen que se inicien actos de censura.<\/p>\n\n\n\n<p>Ante la creciente pol\u00e9mica, la Presidenta Claudia Sheinbaum, orden\u00f3 frenar la aprobaci\u00f3n de la nueva ley y solicit\u00f3 una revisi\u00f3n del art\u00edculo en cuesti\u00f3n para eliminar ambig\u00fcedades o incluso removerlo.<\/p>\n\n\n\n<p>Adem\u00e1s del art\u00edculo 109, la reforma contempla multas de entre el 2% y 5% de los ingresos a concesionarios de televisi\u00f3n y radio que transmitan propaganda de gobiernos extranjeros, salvo fines culturales o tur\u00edsticos; la medida surge tras la difusi\u00f3n en medios mexicanos de una campa\u00f1a antiinmigrante del gobierno estadounidense.<\/p>\n\n\n\n<p>Dicha reforma tambi\u00e9n podr\u00eda restituir a la Secretar\u00eda de Gobernaci\u00f3n funciones de vigilancia y sustituye al Instituto Federal de Telecomunicaciones por la ATDT, concentrando as\u00ed en el poder Ejecutivo el control del espectro radioel\u00e9ctrico.<\/p>\n\n\n\n<p>Avisos y recomendaciones de la ONU-DH ante nuevas propuestas de reformas<\/p>\n\n\n\n<p>La ONU-DH record\u00f3 tambi\u00e9n al Gobierno de M\u00e9xico, su obligaci\u00f3n de proteger y promover la libertad de expresi\u00f3n, garantizando que cualquier medida adoptada en el \u00e1mbito de las telecomunicaciones respete los principios de legalidad, necesidad y proporcionalidad.<\/p>\n\n\n\n<p>Asimismo, la Organizaci\u00f3n inst\u00f3 a las autoridades a llevar a cabo un proceso de consulta amplio y transparente con la poblaci\u00f3n y expertos en materia de comunicaci\u00f3n antes de adoptar cualquier reforma que pueda afectar los derechos fundamentales.<\/p>\n\n\n\n<p>En este contexto, diversos sectores sociales han propuesto un debate abierto sobre las reformas propuestas, con el fin de asegurar que las medidas adoptadas fortalezcan la democracia y los derechos humanos en M\u00e9xico.<\/p>\n\n\n\n<p>(Informaci\u00f3n de Infobae M\u00e9xico)<\/p>\n","protected":false},"excerpt":{"rendered":"<p>Redacci\u00f3n\/Zona Roja Cdmx. Ciudad de M\u00e9xico, a 26 de abril de 2025.- La Oficina en&hellip;<\/p>\n","protected":false},"author":2,"featured_media":73920,"comment_status":"closed","ping_status":"open","sticky":false,"template":"","format":"standard","meta":{"_lmt_disableupdate":"","_lmt_disable":"","_jetpack_memberships_contains_paid_content":false,"footnotes":""},"categories":[109,47],"tags":[4288],"class_list":["post-79721","post","type-post","status-publish","format-standard","has-post-thumbnail","hentry","category-minuto-a-minuto","category-zona-gris","tag-onu-derechos-humanos"],"jetpack_featured_media_url":"https:\/\/zonaroja.com.mx\/wp-content\/uploads\/2024\/10\/Alto-Comisionado-de-la-ONU.jpg","jetpack_sharing_enabled":true,"_links":{"self":[{"href":"https:\/\/zonaroja.com.mx\/index.php?rest_route=\/wp\/v2\/posts\/79721","targetHints":{"allow":["GET"]}}],"collection":[{"href":"https:\/\/zonaroja.com.mx\/index.php?rest_route=\/wp\/v2\/posts"}],"about":[{"href":"https:\/\/zonaroja.com.mx\/index.php?rest_route=\/wp\/v2\/types\/post"}],"author":[{"embeddable":true,"href":"https:\/\/zonaroja.com.mx\/index.php?rest_route=\/wp\/v2\/users\/2"}],"replies":[{"embeddable":true,"href":"https:\/\/zonaroja.com.mx\/index.php?rest_route=%2Fwp%2Fv2%2Fcomments&post=79721"}],"version-history":[{"count":1,"href":"https:\/\/zonaroja.com.mx\/index.php?rest_route=\/wp\/v2\/posts\/79721\/revisions"}],"predecessor-version":[{"id":79722,"href":"https:\/\/zonaroja.com.mx\/index.php?rest_route=\/wp\/v2\/posts\/79721\/revisions\/79722"}],"wp:featuredmedia":[{"embeddable":true,"href":"https:\/\/zonaroja.com.mx\/index.php?rest_route=\/wp\/v2\/media\/73920"}],"wp:attachment":[{"href":"https:\/\/zonaroja.com.mx\/index.php?rest_route=%2Fwp%2Fv2%2Fmedia&parent=79721"}],"wp:term":[{"taxonomy":"category","embeddable":true,"href":"https:\/\/zonaroja.com.mx\/index.php?rest_route=%2Fwp%2Fv2%2Fcategories&post=79721"},{"taxonomy":"post_tag","embeddable":true,"href":"https:\/\/zonaroja.com.mx\/index.php?rest_route=%2Fwp%2Fv2%2Ftags&post=79721"}],"curies":[{"name":"wp","href":"https:\/\/api.w.org\/{rel}","templated":true}]}}