{"id":79726,"date":"2025-04-26T10:21:00","date_gmt":"2025-04-26T16:21:00","guid":{"rendered":"https:\/\/zonaroja.com.mx\/?p=79726"},"modified":"2025-04-26T08:24:02","modified_gmt":"2025-04-26T14:24:02","slug":"acuden-unas-250-mil-personas-al-funeral-del-papa-francisco","status":"publish","type":"post","link":"https:\/\/zonaroja.com.mx\/?p=79726","title":{"rendered":"Acuden unas 250 mil personas al funeral del Papa Francisco"},"content":{"rendered":"\n<p>Redacci\u00f3n\/Zona Roja Cdmx.<\/p>\n\n\n\n<p>Ciudad de M\u00e9xico, a 26 de abril de 2025.- M\u00e1s de 250 mil fieles acudieron al funeral del Papa Francisco que se realiz\u00f3 este s\u00e1bado 26 de abril en la Plaza de San Pedro para darle su \u00faltimo adi\u00f3s.&nbsp;<\/p>\n\n\n\n<p>El Sumo Pont\u00edfice&nbsp;ser\u00e1 sepultado, en una ceremonia privada, tras un&nbsp;emotivo funeral&nbsp;que puso fin a un&nbsp;papado de 12 a\u00f1os definido por la humildad&nbsp;y la sencillez.<\/p>\n\n\n\n<p>Alrededor de las 8:30 am hora local, miles de personas comenzaron a llenar dicha Plaza previo al funeral. Aunque presidentes y pr\u00edncipes asistieron a la misa en la Plaza de San Pedro, incluido el presidente de Estados Unidos, Donald Trump, reclusos y migrantes lo recibieron en la bas\u00edlica al otro lado de la ciudad donde ser\u00eda enterrado.&nbsp;<\/p>\n\n\n\n<p>Decenas de miles m\u00e1s se alinearon a lo largo de la ruta del cortejo f\u00fanebre, aplaudiendo y gritando \u201cPapa Francesco\u201d mientras su sencillo ata\u00fad de madera circulaba por las calles de Roma a bordo de uno de sus antiguos papam\u00f3viles hacia el lugar donde descansar\u00e1, en la bas\u00edlica de Santa Mar\u00eda la Mayor, al otro lado de la capital italiana. Luego fue trasladado al interior del templo escoltado por la Guardia Suiza.&nbsp;<\/p>\n\n\n\n<p>El ministro de interior italiano, Matteo Piantedosi, ha informado de que hubo 400 mil personas en el funeral del papa Francisco: 250 mil en San Pedro y alrededores y 150 mil en el recorrido hasta Santa Mar\u00eda la Mayor.<\/p>\n\n\n\n<p>El cardenal Giovanni Battista Re, de 91 a\u00f1os y decano del Colegio Cardenalicio, pronunci\u00f3 una homil\u00eda extensa, animada y muy personal. Describi\u00f3 al jesuita argentino como el papa del pueblo, un pastor que sab\u00eda comunicarse con \u201clos m\u00e1s peque\u00f1os\u201d con un estilo informal y espont\u00e1neo.&nbsp;<\/p>\n\n\n\n<p>Entre los mandatarios y l\u00edderes mundiales que acudieron destacaron el ex presidente de Estados Unidos, Joe Biden; el de Ucrania, Volodymir Zelensky; el secretario general de Naciones Unidas, Ant\u00f3nio Guterres, y el primer ministro de Reino Unido, Keir Starmer, se unieron al pr\u00edncipe Guillermo de Inglaterra y a otros miembros de la realeza europea que encabezaron m\u00e1s de 160 delegaciones oficiales.&nbsp;<\/p>\n\n\n\n<p>El presidente de Argentina, Javier Milei, tuvo un lugar destacado dada la nacionalidad del papa, aunque no se llevaban especialmente bien y el pont\u00edfice se gan\u00f3 tambi\u00e9n la antipat\u00eda de muchos en su pa\u00eds al no haber regresado desde que asumi\u00f3 el cargo.<\/p>\n\n\n\n<p>Trump y Zelensky se reunieron en privado antes del inicio del funeral. Una foto mostr\u00f3 a los dos l\u00edderes sentados solos, frente a frente, en dos sillas en el interior de la bas\u00edlica de San Pedro, donde Francisco predicaba a menudo sobre la necesidad de alcanzar un final pac\u00edfico para la guerra de Rusia en Ucrania.<\/p>\n\n\n\n<p>Los argentinos tambi\u00e9n despidieron a papa Francisco con una multitudinaria misa al aire libre en la hist\u00f3rica Plaza de Mayo en pleno centro de Buenos Aires, frente a la catedral donde se desempe\u00f1aba como arzobispo antes de ser electo pont\u00edfice en marzo del 2013.<\/p>\n\n\n\n<p>La misa y la procesi\u00f3n f\u00fanebre, durante la que el ata\u00fad fue trasladado en el papam\u00f3vil descubierto que us\u00f3 durante su viaje a Filipinas en 2015, se est\u00e1 emiti\u00f3 en vivo en todo el mundo.<\/p>\n\n\n\n<p>Francisco, el primer papa latinoamericano y jesuita, muri\u00f3 el lunes de Pascua a los 88 a\u00f1os despu\u00e9s de sufrir un derrame cerebral mientras se recuperaba en su casa de una neumon\u00eda.&nbsp;<\/p>\n\n\n\n<p>(Informaci\u00f3n de agencias internacionales en \u201cLa Jornada\u201d)<\/p>\n","protected":false},"excerpt":{"rendered":"<p>Redacci\u00f3n\/Zona Roja Cdmx. Ciudad de M\u00e9xico, a 26 de abril de 2025.- M\u00e1s de 250&hellip;<\/p>\n","protected":false},"author":2,"featured_media":79727,"comment_status":"closed","ping_status":"open","sticky":false,"template":"","format":"standard","meta":{"_lmt_disableupdate":"","_lmt_disable":"","_jetpack_memberships_contains_paid_content":false,"footnotes":""},"categories":[109,46],"tags":[4284],"class_list":["post-79726","post","type-post","status-publish","format-standard","has-post-thumbnail","hentry","category-minuto-a-minuto","category-zona-blanca","tag-papa-francisco"],"jetpack_featured_media_url":"https:\/\/zonaroja.com.mx\/wp-content\/uploads\/2025\/04\/ceremonia-cierre-feretro-cuerpo-difunto-papa-francisco_104.jpg.webp","jetpack_sharing_enabled":true,"_links":{"self":[{"href":"https:\/\/zonaroja.com.mx\/index.php?rest_route=\/wp\/v2\/posts\/79726","targetHints":{"allow":["GET"]}}],"collection":[{"href":"https:\/\/zonaroja.com.mx\/index.php?rest_route=\/wp\/v2\/posts"}],"about":[{"href":"https:\/\/zonaroja.com.mx\/index.php?rest_route=\/wp\/v2\/types\/post"}],"author":[{"embeddable":true,"href":"https:\/\/zonaroja.com.mx\/index.php?rest_route=\/wp\/v2\/users\/2"}],"replies":[{"embeddable":true,"href":"https:\/\/zonaroja.com.mx\/index.php?rest_route=%2Fwp%2Fv2%2Fcomments&post=79726"}],"version-history":[{"count":1,"href":"https:\/\/zonaroja.com.mx\/index.php?rest_route=\/wp\/v2\/posts\/79726\/revisions"}],"predecessor-version":[{"id":79728,"href":"https:\/\/zonaroja.com.mx\/index.php?rest_route=\/wp\/v2\/posts\/79726\/revisions\/79728"}],"wp:featuredmedia":[{"embeddable":true,"href":"https:\/\/zonaroja.com.mx\/index.php?rest_route=\/wp\/v2\/media\/79727"}],"wp:attachment":[{"href":"https:\/\/zonaroja.com.mx\/index.php?rest_route=%2Fwp%2Fv2%2Fmedia&parent=79726"}],"wp:term":[{"taxonomy":"category","embeddable":true,"href":"https:\/\/zonaroja.com.mx\/index.php?rest_route=%2Fwp%2Fv2%2Fcategories&post=79726"},{"taxonomy":"post_tag","embeddable":true,"href":"https:\/\/zonaroja.com.mx\/index.php?rest_route=%2Fwp%2Fv2%2Ftags&post=79726"}],"curies":[{"name":"wp","href":"https:\/\/api.w.org\/{rel}","templated":true}]}}