{"id":79734,"date":"2025-04-26T12:28:00","date_gmt":"2025-04-26T18:28:00","guid":{"rendered":"https:\/\/zonaroja.com.mx\/?p=79734"},"modified":"2025-04-26T08:30:09","modified_gmt":"2025-04-26T14:30:09","slug":"reconoce-congreso-elementos-identitarios-de-san-pablo-tijaltepec","status":"publish","type":"post","link":"https:\/\/zonaroja.com.mx\/?p=79734","title":{"rendered":"Reconoce Congreso elementos identitarios de San Pablo Tijaltepec"},"content":{"rendered":"\n<p>Redacci\u00f3n\/Zona Roja.<\/p>\n\n\n\n<p>Oaxaca de Ju\u00e1rez, Oax., a 26 de abril de 2025.- Por mayor\u00eda simple, la LXVI Legislatura del Congreso del Estado aprob\u00f3 el Proyecto de Decreto por el que se reconocen como elementos culturales identitarios materiales e inmateriales del estado a los conocimientos y t\u00e9cnicas, dise\u00f1os y bordados para la elaboraci\u00f3n de las blusas, soyates y enredos que son parte de la indumentaria t\u00edpica de San Pablo Tijaltepec, distrito de Tlaxiaco.<\/p>\n\n\n\n<p>El dictamen fue emitido por la Comisi\u00f3n Permanente de Culturas y Artes que preside la diputada Irma Pineda Santiago y la iniciativa fue presentada por el legislador Israel L\u00f3pez S\u00e1nchez, quien consider\u00f3 necesario proteger y conservar la herencia colectiva y de gran valor identitario del atuendo de este municipio de la regi\u00f3n Mixteca.<\/p>\n\n\n\n<p>El promovente precis\u00f3 que San Pablo Tijaltepec no solo preserva como su lengua materna el Mixteco, sino tambi\u00e9n, conserva otras manifestaciones culturales importantes como el tejido de palma para la elaboraci\u00f3n de tenates, el uso de la vestimenta tradicional por parte de las mujeres, la m\u00fasica de cuerda y de viento, entre otras m\u00e1s.<\/p>\n\n\n\n<p>Respecto al bordado, detall\u00f3 que, se utiliza la t\u00e9cnica de pepenado fruncido que se borda por delante y por atr\u00e1s, el cual implica usar un solo trozo de hilo de principio a fin del lienzo de tela entre los pliegues creados con la aguja, lo que lo hace complejo.<\/p>\n\n\n\n<p>Sin embargo, destac\u00f3 que uno de los principales temores de la poblaci\u00f3n es que marcas internacionales se apropien de las iconograf\u00edas plasmadas en la ropa elaborada en dicho lugar, plagiando este patrimonio colectivo; tambi\u00e9n existen personas intermediarias que pagan costos por debajo del precio establecido a las artesanas que bordan, poniendo en riesgo, adem\u00e1s, que no se reconozca su origen, o se acabe fabricando en mayoreo.<\/p>\n\n\n\n<p>Por ello, esta medida avalada por el Parlamento de Oaxaca busca salvaguardar tanto el proceso artesanal del atuendo, como su simbolismo, pues es concebido como un relato tejido de historias, creencias y tradiciones, cuyos conocimientos ancestrales son transmitidos de generaci\u00f3n en generaci\u00f3n; de madres a hijas, quienes han sido guardianas de este acervo invaluable.<\/p>\n\n\n\n<p>Cabe destacar que el atuendo femenino tradicional completo consta de la blusa bordada (sa\u00b4ma ita), el soyate, la falda (xiyo\u00b4o), refajo o enagua (xiyo\u00b4siki), as\u00ed como los accesorios y otros componentes.<\/p>\n\n\n\n<p>Las y los integrantes del \u00f3rgano legislativo competente consideraron urgente salvaguardar y difundir la riqueza cultural de Oaxaca, reconocer y promover los elementos materiales e inmateriales identitarios de cada comunidad ind\u00edgena y afromexicana estableciendo procedimientos claros en donde los tres niveles de gobierno asuman su responsabilidad en la materia.<\/p>\n\n\n\n<p>Lo anterior, conforme a lo establecido en la Ley de General de Cultura y Derechos Culturales en los art\u00edculos 3 y 16; as\u00ed como el 13 y 16 de la Ley Federal de Protecci\u00f3n del Patrimonio Cultural de los Pueblos y Comunidades Ind\u00edgenas y Afromexicanas.<\/p>\n","protected":false},"excerpt":{"rendered":"<p>Redacci\u00f3n\/Zona Roja. Oaxaca de Ju\u00e1rez, Oax., a 26 de abril de 2025.- Por mayor\u00eda simple,&hellip;<\/p>\n","protected":false},"author":2,"featured_media":79735,"comment_status":"closed","ping_status":"open","sticky":false,"template":"","format":"standard","meta":{"_lmt_disableupdate":"","_lmt_disable":"","_jetpack_memberships_contains_paid_content":false,"footnotes":""},"categories":[109,46],"tags":[214,4127],"class_list":["post-79734","post","type-post","status-publish","format-standard","has-post-thumbnail","hentry","category-minuto-a-minuto","category-zona-blanca","tag-congreso-del-estado","tag-israel-lopez-sanchez"],"jetpack_featured_media_url":"https:\/\/zonaroja.com.mx\/wp-content\/uploads\/2025\/04\/Aprobacion-Tijaltepec-3.jpeg","jetpack_sharing_enabled":true,"_links":{"self":[{"href":"https:\/\/zonaroja.com.mx\/index.php?rest_route=\/wp\/v2\/posts\/79734","targetHints":{"allow":["GET"]}}],"collection":[{"href":"https:\/\/zonaroja.com.mx\/index.php?rest_route=\/wp\/v2\/posts"}],"about":[{"href":"https:\/\/zonaroja.com.mx\/index.php?rest_route=\/wp\/v2\/types\/post"}],"author":[{"embeddable":true,"href":"https:\/\/zonaroja.com.mx\/index.php?rest_route=\/wp\/v2\/users\/2"}],"replies":[{"embeddable":true,"href":"https:\/\/zonaroja.com.mx\/index.php?rest_route=%2Fwp%2Fv2%2Fcomments&post=79734"}],"version-history":[{"count":1,"href":"https:\/\/zonaroja.com.mx\/index.php?rest_route=\/wp\/v2\/posts\/79734\/revisions"}],"predecessor-version":[{"id":79736,"href":"https:\/\/zonaroja.com.mx\/index.php?rest_route=\/wp\/v2\/posts\/79734\/revisions\/79736"}],"wp:featuredmedia":[{"embeddable":true,"href":"https:\/\/zonaroja.com.mx\/index.php?rest_route=\/wp\/v2\/media\/79735"}],"wp:attachment":[{"href":"https:\/\/zonaroja.com.mx\/index.php?rest_route=%2Fwp%2Fv2%2Fmedia&parent=79734"}],"wp:term":[{"taxonomy":"category","embeddable":true,"href":"https:\/\/zonaroja.com.mx\/index.php?rest_route=%2Fwp%2Fv2%2Fcategories&post=79734"},{"taxonomy":"post_tag","embeddable":true,"href":"https:\/\/zonaroja.com.mx\/index.php?rest_route=%2Fwp%2Fv2%2Ftags&post=79734"}],"curies":[{"name":"wp","href":"https:\/\/api.w.org\/{rel}","templated":true}]}}