{"id":7975,"date":"2020-01-23T12:57:59","date_gmt":"2020-01-23T18:57:59","guid":{"rendered":"https:\/\/www.zonaroja.com.mx\/?p=7975"},"modified":"2020-01-23T12:58:02","modified_gmt":"2020-01-23T18:58:02","slug":"se-agrava-conflicto-en-ayotzintepec-ahora-retienen-a-funcionarios-de-segego","status":"publish","type":"post","link":"https:\/\/zonaroja.com.mx\/?p=7975","title":{"rendered":"Se agrava conflicto en Ayotzintepec; ahora retienen a funcionarios de Segego"},"content":{"rendered":"\n<p class=\"MsoNormal\">Yuridiana Sosa\/Zona Roja.<\/p>\n\n\n\n<p class=\"MsoNormal\">San Juan Bautista Tuxtepec, Oax., 23 de enero de 2020.- El problema pol\u00edtico-social en el municipio de Ayotzintepec, en la regi\u00f3n de la Cuenca, se agrav\u00f3 en las \u00faltimas.<\/p>\n\n\n\n<p class=\"MsoNormal\">Ahora la poblaci\u00f3n retuvo a funcionarios regionales de la Secretar\u00eda General de Gobierno (Segego) que intentaron destrabar el conflicto en asamblea efectuada&nbsp;<a href=\"\/\/1\">este mi\u00e9rcoles<\/a>.<\/p>\n\n\n\n<p class=\"MsoNormal\">La poblaci\u00f3n inconforme con el restablecimiento del presidente municipal, V\u00edctor Mendoza Velasco, en sus funciones, demand\u00f3 a los servidores p\u00fablicos la presencia del secretario General de Gobierno, H\u00e9ctor Anuar Mafud, para atender el problema.<\/p>\n\n\n\n<p class=\"MsoNormal\">El presidente municipal junto con 16 personas m\u00e1s cumplen&nbsp;<a href=\"\/\/2\">este jueves<\/a>&nbsp;m\u00e1s de&nbsp;cuatro d\u00edas privados de su libertad en los separos municipales, quienes&nbsp;<a href=\"\/\/3\">desde el mediod\u00eda<\/a>&nbsp;del domingo fueron retenidos mediante una reuni\u00f3n informativa del pueblo.<\/p>\n\n\n\n<p class=\"MsoNormal\">Ayer<a href=\"\/\/5\">&nbsp;mi\u00e9rcoles<\/a>,&nbsp;el presidente municipal fue liberado por algunos minutos para ofrecer informaci\u00f3n a la poblaci\u00f3n reunida sobre el destino de los recursos p\u00fablicos, pero al no convencer a la poblaci\u00f3n, un grupo de ciudadanos encabezados por la s\u00edndica Municipal, Ana Cruz Pacheco, regres\u00f3 al edil a los separos, as\u00ed como se retuvieron en la comunidad a los funcionarios.<\/p>\n","protected":false},"excerpt":{"rendered":"<p>Yuridiana Sosa\/Zona Roja. San Juan Bautista Tuxtepec, Oax., 23 de enero de 2020.- El problema&hellip;<\/p>\n","protected":false},"author":2,"featured_media":7877,"comment_status":"closed","ping_status":"open","sticky":false,"template":"","format":"standard","meta":{"_lmt_disableupdate":"","_lmt_disable":"","_jetpack_memberships_contains_paid_content":false,"footnotes":""},"categories":[109,47],"tags":[1301],"class_list":["post-7975","post","type-post","status-publish","format-standard","has-post-thumbnail","hentry","category-minuto-a-minuto","category-zona-gris","tag-ayotzintepec"],"jetpack_featured_media_url":"https:\/\/zonaroja.com.mx\/wp-content\/uploads\/2020\/01\/Retenidos-Ayotzintepec.jpg","jetpack_sharing_enabled":true,"_links":{"self":[{"href":"https:\/\/zonaroja.com.mx\/index.php?rest_route=\/wp\/v2\/posts\/7975","targetHints":{"allow":["GET"]}}],"collection":[{"href":"https:\/\/zonaroja.com.mx\/index.php?rest_route=\/wp\/v2\/posts"}],"about":[{"href":"https:\/\/zonaroja.com.mx\/index.php?rest_route=\/wp\/v2\/types\/post"}],"author":[{"embeddable":true,"href":"https:\/\/zonaroja.com.mx\/index.php?rest_route=\/wp\/v2\/users\/2"}],"replies":[{"embeddable":true,"href":"https:\/\/zonaroja.com.mx\/index.php?rest_route=%2Fwp%2Fv2%2Fcomments&post=7975"}],"version-history":[{"count":1,"href":"https:\/\/zonaroja.com.mx\/index.php?rest_route=\/wp\/v2\/posts\/7975\/revisions"}],"predecessor-version":[{"id":7976,"href":"https:\/\/zonaroja.com.mx\/index.php?rest_route=\/wp\/v2\/posts\/7975\/revisions\/7976"}],"wp:featuredmedia":[{"embeddable":true,"href":"https:\/\/zonaroja.com.mx\/index.php?rest_route=\/wp\/v2\/media\/7877"}],"wp:attachment":[{"href":"https:\/\/zonaroja.com.mx\/index.php?rest_route=%2Fwp%2Fv2%2Fmedia&parent=7975"}],"wp:term":[{"taxonomy":"category","embeddable":true,"href":"https:\/\/zonaroja.com.mx\/index.php?rest_route=%2Fwp%2Fv2%2Fcategories&post=7975"},{"taxonomy":"post_tag","embeddable":true,"href":"https:\/\/zonaroja.com.mx\/index.php?rest_route=%2Fwp%2Fv2%2Ftags&post=7975"}],"curies":[{"name":"wp","href":"https:\/\/api.w.org\/{rel}","templated":true}]}}