{"id":79751,"date":"2025-04-27T09:45:00","date_gmt":"2025-04-27T15:45:00","guid":{"rendered":"https:\/\/zonaroja.com.mx\/?p=79751"},"modified":"2025-04-27T07:02:12","modified_gmt":"2025-04-27T13:02:12","slug":"abuchean-en-partido-del-trabajo-a-senador-fernandez-norona","status":"publish","type":"post","link":"https:\/\/zonaroja.com.mx\/?p=79751","title":{"rendered":"Abuchean en Partido del Trabajo a senador Fern\u00e1ndez Noro\u00f1a"},"content":{"rendered":"\n<p>Redacci\u00f3n\/Zona Roja Cdmx.<\/p>\n\n\n\n<p>Ciudad de M\u00e9xico, a 27 de abril de 2025.- El senador de Morena, Gerardo Fern\u00e1ndez Noro\u00f1a, vivi\u00f3 momentos tensos este fin de semana luego de que simpatizantes y miembros del Partido del Trabajo lo abuchearon durante el Congreso Nacional del partido.<\/p>\n\n\n\n<p>Pues este s\u00e1bado se llev\u00f3 a cabo el 12\u00ba Congreso Nacional Ordinario del partido en Nezahualc\u00f3yotl, Estado de M\u00e9xico, donde fue invitado el senador. Cabe se\u00f1alar que fue con el PT con quien lleg\u00f3 al Senado aunque no militaba en \u00e9l.<\/p>\n\n\n\n<p>Durante su participaci\u00f3n insisti\u00f3 en que se debe priorizar la unidad dentro de la Cuarta Transformaci\u00f3n tras rupturas en las alianzas electorales como en el estado de Veracruz, donde el PT opt\u00f3 por ir solo para la elecci\u00f3n del 1 de junio.<\/p>\n\n\n\n<p>Fern\u00e1ndez Noro\u00f1a se\u00f1al\u00f3 que solo debe haber un movimiento formado con los tres partidos (Morena, Verde y PT), a lo que los asistentes mostraron su descontento con gritos de \u2018Fuera\u2019 y abucheos, cosa que no detuvo al senador.<\/p>\n\n\n\n<p>\u201cQuien piense lo contrario est\u00e1 profundamente equivocado, justo es el sectarismo uno de los males mayores de nuestro movimiento, (&#8230;) as\u00ed como es un error enorme el sectarismo que se manifiesta en este momento en el Partido del Trabajo\u201d, se\u00f1al\u00f3.<\/p>\n\n\n\n<p>Lo anterior debido a las declaraciones de Reginaldo Sandoval Flores, coordinador del PT en la C\u00e1mara de Diputados, quien acus\u00f3 que en el partido guinda se han comportado con soberbia y han maltratado a los petistas, motivo por el que decidieron ir solos en las elecciones.<\/p>\n\n\n\n<p>Pese al descontento, Noro\u00f1a dijo que seguir\u00e1 la unidad con el partido, pero no convalidar\u00eda el sectarismo y se retir\u00f3 del evento: \u201cSi mi presencia aqu\u00ed no es bienvenida, en este momento me retiro del Congreso\u201d.<\/p>\n\n\n\n<p>Horas despu\u00e9s, el morenista lament\u00f3 los hechos en sus redes sociales asegurando que lo buscaron agraviar al invitarlo y asegur\u00f3 que tomar\u00e1 la distancia del PT: \u201cLo que hoy hicieron es profundamente injusto y no lo merezco\u201d.<\/p>\n\n\n\n<p>(Informaci\u00f3n de Pol\u00edtico.Mx)<\/p>\n","protected":false},"excerpt":{"rendered":"<p>Redacci\u00f3n\/Zona Roja Cdmx. Ciudad de M\u00e9xico, a 27 de abril de 2025.- El senador de&hellip;<\/p>\n","protected":false},"author":2,"featured_media":79752,"comment_status":"closed","ping_status":"open","sticky":false,"template":"","format":"standard","meta":{"_lmt_disableupdate":"","_lmt_disable":"","_jetpack_memberships_contains_paid_content":false,"footnotes":""},"categories":[109,47],"tags":[4256],"class_list":["post-79751","post","type-post","status-publish","format-standard","has-post-thumbnail","hentry","category-minuto-a-minuto","category-zona-gris","tag-gerardo-fernandez-norona"],"jetpack_featured_media_url":"https:\/\/zonaroja.com.mx\/wp-content\/uploads\/2025\/04\/Abuchea-PT-a-Fernandez-Norona.webp","jetpack_sharing_enabled":true,"_links":{"self":[{"href":"https:\/\/zonaroja.com.mx\/index.php?rest_route=\/wp\/v2\/posts\/79751","targetHints":{"allow":["GET"]}}],"collection":[{"href":"https:\/\/zonaroja.com.mx\/index.php?rest_route=\/wp\/v2\/posts"}],"about":[{"href":"https:\/\/zonaroja.com.mx\/index.php?rest_route=\/wp\/v2\/types\/post"}],"author":[{"embeddable":true,"href":"https:\/\/zonaroja.com.mx\/index.php?rest_route=\/wp\/v2\/users\/2"}],"replies":[{"embeddable":true,"href":"https:\/\/zonaroja.com.mx\/index.php?rest_route=%2Fwp%2Fv2%2Fcomments&post=79751"}],"version-history":[{"count":1,"href":"https:\/\/zonaroja.com.mx\/index.php?rest_route=\/wp\/v2\/posts\/79751\/revisions"}],"predecessor-version":[{"id":79753,"href":"https:\/\/zonaroja.com.mx\/index.php?rest_route=\/wp\/v2\/posts\/79751\/revisions\/79753"}],"wp:featuredmedia":[{"embeddable":true,"href":"https:\/\/zonaroja.com.mx\/index.php?rest_route=\/wp\/v2\/media\/79752"}],"wp:attachment":[{"href":"https:\/\/zonaroja.com.mx\/index.php?rest_route=%2Fwp%2Fv2%2Fmedia&parent=79751"}],"wp:term":[{"taxonomy":"category","embeddable":true,"href":"https:\/\/zonaroja.com.mx\/index.php?rest_route=%2Fwp%2Fv2%2Fcategories&post=79751"},{"taxonomy":"post_tag","embeddable":true,"href":"https:\/\/zonaroja.com.mx\/index.php?rest_route=%2Fwp%2Fv2%2Ftags&post=79751"}],"curies":[{"name":"wp","href":"https:\/\/api.w.org\/{rel}","templated":true}]}}