{"id":79754,"date":"2025-04-27T10:45:00","date_gmt":"2025-04-27T16:45:00","guid":{"rendered":"https:\/\/zonaroja.com.mx\/?p=79754"},"modified":"2025-04-27T07:09:53","modified_gmt":"2025-04-27T13:09:53","slug":"instalan-en-xoxocotlan-el-primer-cabildo-infantil-de-2025-en-oaxaca","status":"publish","type":"post","link":"https:\/\/zonaroja.com.mx\/?p=79754","title":{"rendered":"Instalan en Xoxocotl\u00e1n el primer Cabildo Infantil de 2025 en Oaxaca"},"content":{"rendered":"\n<p>Redacci\u00f3n\/Zona Roja.<\/p>\n\n\n\n<p>Oaxaca de Ju\u00e1rez, Oax., a 27 de abril de 2025. \u2013 En un hecho sin precedentes, el municipio de Santa Cruz Xoxocotl\u00e1n instal\u00f3 el primer Cabildo Infantil de 2025 en Oaxaca, con la participaci\u00f3n de 18 ni\u00f1as y ni\u00f1os que asumieron simb\u00f3licamente los cargos del Gobierno municipal y sesionaron por primera vez en el sal\u00f3n de cabildo.<\/p>\n\n\n\n<p>Este ejercicio c\u00edvico tiene como objetivo visibilizar y fortalecer los derechos de la ni\u00f1ez, as\u00ed como abrir espacios reales de participaci\u00f3n donde las infancias puedan expresar sus ideas, inquietudes y propuestas para mejorar su entorno.<\/p>\n\n\n\n<p>Las y los integrantes del Cabildo Infantil compartieron propuestas como: campa\u00f1as escolares sobre derechos infantiles, mejor abasto de medicamentos, impulso al deporte, recolecci\u00f3n eficiente de basura, bibliotecas m\u00f3viles, cuidado animal y reforestaci\u00f3n.<\/p>\n\n\n\n<p>Al encabezar la sesi\u00f3n de este Cabildo, la mun\u00edcipe, Nancy Ben\u00edtez Z\u00e1rate, expres\u00f3 que \u201cescuchar a la ni\u00f1ez es nuestra responsabilidad. Este Cabildo Infantil es una muestra de que su voz importa y ser\u00e1 tomada en cuenta. Seguiremos trabajando para construir un Xoxocotl\u00e1n donde todas las ni\u00f1as y ni\u00f1os tengan oportunidades de desarrollo\u201d.&nbsp;&nbsp;<\/p>\n\n\n\n<p>En este evento tambi\u00e9n participaron regidoras y regidores del Cabildo, la titular del Sistema Nacional de Protecci\u00f3n Integral de Ni\u00f1as, Ni\u00f1os y Adolescentes (SIPINNA), Alma Bautista Ramos, y la presidenta honoraria del DIF Municipal, Patricia Yarazet Cruz Ben\u00edtez.&nbsp;<\/p>\n\n\n\n<p>A trav\u00e9s de este ejercicio c\u00edvico y educativo, el Gobierno de Santa Cruz Xoxocotl\u00e1n reafirma su compromiso con la paz y el respeto a los derechos de la ni\u00f1ez.&nbsp;&nbsp;<\/p>\n\n\n\n<p>FESTEJO A NI\u00d1EZ<\/p>\n\n\n\n<p>\u201cNo solo venimos a compartir juegos, m\u00fasica y sonrisas; tambi\u00e9n venimos a decirles que son lo m\u00e1s importante que tenemos\u00bb, dijo la presidenta municipal, Nancy Ben\u00edtez Z\u00e1rate, al inaugurar el Festival del D\u00eda de la Ni\u00f1ez en el Parque Central del municipio de Santa Cruz Xoxocotl\u00e1n.<\/p>\n\n\n\n<p>Acompa\u00f1ada del Cabildo y de la titular del DIF Municipal, Patricia Yarazet Cruz Ben\u00edtez, la edil se\u00f1al\u00f3 que este festival es una muestra del compromiso del Gobierno municipal con las infancias de Xoxocotl\u00e1n. \u201cCada sonrisa suya es una promesa de un futuro mejor, y cada esfuerzo que hacemos como gobierno es por un mejor ma\u00f1ana para las ni\u00f1as y ni\u00f1os de nuestra comunidad\u201d, subray\u00f3.&nbsp;<\/p>\n\n\n\n<p>El Parque Central de Xoxocotl\u00e1n se llen\u00f3 de alegr\u00eda con la presencia de cientos de familias que acudieron a celebrar el D\u00eda de la Ni\u00f1ez. Desde temprana hora, las y los peque\u00f1os disfrutaron de una mini verbena, juegos mec\u00e1nicos, espect\u00e1culos de payasos y magos, pinta caritas y m\u00faltiples sorpresas preparadas por el Ayuntamiento en coordinaci\u00f3n con el DIF Municipal.<\/p>\n\n\n\n<p>\u00abLos valoramos y queremos, y les prometemos seguir trabajando con amor y respeto para que crezcan en un municipio donde siempre se sientan seguros y felices\u201d, destac\u00f3 la mun\u00edcipe.<\/p>\n\n\n\n<p>En este marco, tambi\u00e9n se entregaron premios a quienes forman parte del Cabildo Infantil del municipio, as\u00ed como a las ni\u00f1as y ni\u00f1os que participaron en el concurso para elegir el nombre oficial de la mascota del DIF Municipal, reconociendo su entusiasmo y compromiso en estas actividades.<\/p>\n\n\n\n<p>El gobierno municipal reafirma su compromiso de trabajar por el bienestar y la felicidad de las ni\u00f1as y ni\u00f1os, reconoci\u00e9ndolos como el motor que impulsa el desarrollo de la comunidad.<\/p>\n","protected":false},"excerpt":{"rendered":"<p>Redacci\u00f3n\/Zona Roja. Oaxaca de Ju\u00e1rez, Oax., a 27 de abril de 2025. \u2013 En un&hellip;<\/p>\n","protected":false},"author":2,"featured_media":79755,"comment_status":"closed","ping_status":"open","sticky":false,"template":"","format":"standard","meta":{"_lmt_disableupdate":"","_lmt_disable":"","_jetpack_memberships_contains_paid_content":false,"footnotes":""},"categories":[109,46],"tags":[133],"class_list":["post-79754","post","type-post","status-publish","format-standard","has-post-thumbnail","hentry","category-minuto-a-minuto","category-zona-blanca","tag-santa-cruz-xoxocotlan"],"jetpack_featured_media_url":"https:\/\/zonaroja.com.mx\/wp-content\/uploads\/2025\/04\/Cabildo-infantil-Xoxocotlan-1.jpeg","jetpack_sharing_enabled":true,"_links":{"self":[{"href":"https:\/\/zonaroja.com.mx\/index.php?rest_route=\/wp\/v2\/posts\/79754","targetHints":{"allow":["GET"]}}],"collection":[{"href":"https:\/\/zonaroja.com.mx\/index.php?rest_route=\/wp\/v2\/posts"}],"about":[{"href":"https:\/\/zonaroja.com.mx\/index.php?rest_route=\/wp\/v2\/types\/post"}],"author":[{"embeddable":true,"href":"https:\/\/zonaroja.com.mx\/index.php?rest_route=\/wp\/v2\/users\/2"}],"replies":[{"embeddable":true,"href":"https:\/\/zonaroja.com.mx\/index.php?rest_route=%2Fwp%2Fv2%2Fcomments&post=79754"}],"version-history":[{"count":1,"href":"https:\/\/zonaroja.com.mx\/index.php?rest_route=\/wp\/v2\/posts\/79754\/revisions"}],"predecessor-version":[{"id":79756,"href":"https:\/\/zonaroja.com.mx\/index.php?rest_route=\/wp\/v2\/posts\/79754\/revisions\/79756"}],"wp:featuredmedia":[{"embeddable":true,"href":"https:\/\/zonaroja.com.mx\/index.php?rest_route=\/wp\/v2\/media\/79755"}],"wp:attachment":[{"href":"https:\/\/zonaroja.com.mx\/index.php?rest_route=%2Fwp%2Fv2%2Fmedia&parent=79754"}],"wp:term":[{"taxonomy":"category","embeddable":true,"href":"https:\/\/zonaroja.com.mx\/index.php?rest_route=%2Fwp%2Fv2%2Fcategories&post=79754"},{"taxonomy":"post_tag","embeddable":true,"href":"https:\/\/zonaroja.com.mx\/index.php?rest_route=%2Fwp%2Fv2%2Ftags&post=79754"}],"curies":[{"name":"wp","href":"https:\/\/api.w.org\/{rel}","templated":true}]}}