{"id":79765,"date":"2025-04-28T11:23:00","date_gmt":"2025-04-28T17:23:00","guid":{"rendered":"https:\/\/zonaroja.com.mx\/?p=79765"},"modified":"2025-04-28T07:08:36","modified_gmt":"2025-04-28T13:08:36","slug":"reconocen-labor-ambiental-de-integrante-de-litigio-estrategico","status":"publish","type":"post","link":"https:\/\/zonaroja.com.mx\/?p=79765","title":{"rendered":"Reconocen labor ambiental de integrante de Litigio Estrat\u00e9gico"},"content":{"rendered":"\n<p>Redacci\u00f3n\/Zona Roja.<\/p>\n\n\n\n<p>Oaxaca de Ju\u00e1rez, Oax., a 27 de abril de 2025.- En el marco de la ceremonia conmemorativa por el aniversario de la fundaci\u00f3n de Oaxaca de Ju\u00e1rez, el presidente municipal Raymundo Chagoya entreg\u00f3 la medalla Donaj\u00ed a la abogada Mariana Y\u00e1\u00f1ez, integrante de la organizaci\u00f3n Litigio Estrat\u00e9gico Ind\u00edgena.<\/p>\n\n\n\n<p>La medalla Donaj\u00ed es la m\u00e1xima distinci\u00f3n que otorga la ciudad a personas que han realizado aportes excepcionales en beneficio de la colectividad. En esta ocasi\u00f3n, se reconoci\u00f3 la labor de Mariana Y\u00e1\u00f1ez, vicepresidenta de Litigio Estrat\u00e9gico, en la defensa jur\u00eddica de comunidades ind\u00edgenas, mujeres, ni\u00f1as y ni\u00f1os, as\u00ed como su compromiso con la protecci\u00f3n ambiental.<\/p>\n\n\n\n<p>Desde 2018, Mariana Y\u00e1\u00f1ez forma parte de Litigio Estrat\u00e9gico Ind\u00edgena, organizaci\u00f3n fundada en 2008 por abogadas y abogados ind\u00edgenas. Uno de sus principales frentes ha sido la lucha legal, iniciada en 2014, por el rescate de los r\u00edos Atoyac y Salado, considerados entre los m\u00e1s contaminados del pa\u00eds y que atraviesan la capital oaxaque\u00f1a.<\/p>\n\n\n\n<p>Nacida en el centro hist\u00f3rico de Oaxaca, Mariana Y\u00e1\u00f1ez proviene de una familia con profundo arraigo en la ciudad. Es hija del abogado laboralista y defensor de derechos humanos Jos\u00e9 Mar\u00eda Y\u00e1\u00f1ez Gatica y de la abogada Lourdes Unda Polaco. Su trabajo tambi\u00e9n incluye la participaci\u00f3n en la elaboraci\u00f3n de iniciativas legislativas y mesas de di\u00e1logo con instancias gubernamentales.<\/p>\n\n\n\n<p>Edgar Aldair P\u00e9rez Ortiz, premio nacional de la juventud 2019 y tambi\u00e9n integrante de Litigio Estrat\u00e9gico Ind\u00edgena, destac\u00f3 que la organizaci\u00f3n no cuenta con financiamiento externo ni recursos institucionales. A pesar de ello, ha logrado establecer precedentes legales en materia ambiental que hoy son estudiados a nivel nacional e internacional.<\/p>\n","protected":false},"excerpt":{"rendered":"<p>Redacci\u00f3n\/Zona Roja. Oaxaca de Ju\u00e1rez, Oax., a 27 de abril de 2025.- En el marco&hellip;<\/p>\n","protected":false},"author":2,"featured_media":79766,"comment_status":"closed","ping_status":"open","sticky":false,"template":"","format":"standard","meta":{"_lmt_disableupdate":"","_lmt_disable":"","_jetpack_memberships_contains_paid_content":false,"footnotes":""},"categories":[109,46],"tags":[3436],"class_list":["post-79765","post","type-post","status-publish","format-standard","has-post-thumbnail","hentry","category-minuto-a-minuto","category-zona-blanca","tag-litigio-estrategico-a-c"],"jetpack_featured_media_url":"https:\/\/zonaroja.com.mx\/wp-content\/uploads\/2025\/04\/Mariana-Yanez-Litigio-Estrategico.jpg","jetpack_sharing_enabled":true,"_links":{"self":[{"href":"https:\/\/zonaroja.com.mx\/index.php?rest_route=\/wp\/v2\/posts\/79765","targetHints":{"allow":["GET"]}}],"collection":[{"href":"https:\/\/zonaroja.com.mx\/index.php?rest_route=\/wp\/v2\/posts"}],"about":[{"href":"https:\/\/zonaroja.com.mx\/index.php?rest_route=\/wp\/v2\/types\/post"}],"author":[{"embeddable":true,"href":"https:\/\/zonaroja.com.mx\/index.php?rest_route=\/wp\/v2\/users\/2"}],"replies":[{"embeddable":true,"href":"https:\/\/zonaroja.com.mx\/index.php?rest_route=%2Fwp%2Fv2%2Fcomments&post=79765"}],"version-history":[{"count":1,"href":"https:\/\/zonaroja.com.mx\/index.php?rest_route=\/wp\/v2\/posts\/79765\/revisions"}],"predecessor-version":[{"id":79767,"href":"https:\/\/zonaroja.com.mx\/index.php?rest_route=\/wp\/v2\/posts\/79765\/revisions\/79767"}],"wp:featuredmedia":[{"embeddable":true,"href":"https:\/\/zonaroja.com.mx\/index.php?rest_route=\/wp\/v2\/media\/79766"}],"wp:attachment":[{"href":"https:\/\/zonaroja.com.mx\/index.php?rest_route=%2Fwp%2Fv2%2Fmedia&parent=79765"}],"wp:term":[{"taxonomy":"category","embeddable":true,"href":"https:\/\/zonaroja.com.mx\/index.php?rest_route=%2Fwp%2Fv2%2Fcategories&post=79765"},{"taxonomy":"post_tag","embeddable":true,"href":"https:\/\/zonaroja.com.mx\/index.php?rest_route=%2Fwp%2Fv2%2Ftags&post=79765"}],"curies":[{"name":"wp","href":"https:\/\/api.w.org\/{rel}","templated":true}]}}