{"id":79770,"date":"2025-04-27T20:20:58","date_gmt":"2025-04-28T02:20:58","guid":{"rendered":"https:\/\/zonaroja.com.mx\/?p=79770"},"modified":"2025-04-27T20:21:00","modified_gmt":"2025-04-28T02:21:00","slug":"con-operacion-sable-fiscalia-detiene-a-otro-lider-criminal-en-el-istmo","status":"publish","type":"post","link":"https:\/\/zonaroja.com.mx\/?p=79770","title":{"rendered":"Con Operaci\u00f3n \u201cSable\u201d, Fiscal\u00eda detiene a otro l\u00edder criminal en el Istmo"},"content":{"rendered":"\n<p>Redacci\u00f3n\/Zona Roja.<\/p>\n\n\n\n<p>Oaxaca de Ju\u00e1rez, Oax., a 27 de abril de 2025.- Derivado de las acciones directas, como parte de la Operaci\u00f3n \u201cSable\u201d, la Fiscal\u00eda General de Oaxaca, en coordinaci\u00f3n con instituciones federales, logr\u00f3 la detenci\u00f3n de J.C.F.M., alias \u201cComandante Jaguar\u201d y\/o&nbsp; \u00abEl Comandante Reyes\u00bb y\/o \u00abEl Conchas\u00bb, considerado como jefe de plaza en la zona de Mat\u00edas Romero y sus alrededores, en la regi\u00f3n del Istmo de Tehuantepec.<\/p>\n\n\n\n<p>Su captura se logr\u00f3, gracias a la ejecuci\u00f3n de una orden de aprehensi\u00f3n por el delito de homicidio cometido el 14 de marzo de 2024, en la colonia Santa Clara, de la ciudad de Juchit\u00e1n de Zaragoza, donde, con disparos de arma de fuego, privaron de la vida a un hombre identificado por las iniciales J. P. M.<\/p>\n\n\n\n<p>En un comunicado, la instituci\u00f3n procuradora de justicia detall\u00f3 que a trav\u00e9s de la Agencia Estatal de Investigaciones (AEI) y junto con la Secretar\u00eda de Marina (Semar), Secretar\u00eda de la Defensa Nacional (Defensa), Guardia Nacional, Secretar\u00eda de Seguridad y Protecci\u00f3n Ciudadana, as\u00ed como la Polic\u00eda Estatal, se mantienen operativos en la regi\u00f3n del Istmo.&nbsp;<\/p>\n\n\n\n<p>En el caso m\u00e1s recientes, los trabajos de an\u00e1lisis de contexto tras el arresto de J.C.F.M., alias \u201cComandante Jaguar\u201d y\/o&nbsp; \u00abEl Comandante Reyes\u00bb y\/o \u00abEl Conchas\u00bb, revelaron que es un objetivo prioritario al ser considerado como uno de los principales generadores de violencia en el Istmo de Tehuantepec, sobre todo en la zona lim\u00edtrofe con el estado de Veracruz, donde tambi\u00e9n estar\u00eda involucrado en actividades ilegales.<\/p>\n\n\n\n<p>La revisi\u00f3n de antecedentes permiti\u00f3 establecer que J.C.F.M., alias \u201cComandante Jaguar\u201d y\/o \u00abEl Comandante Reyes\u00bb y\/o \u00abEl Conchas\u00bb ha tenido varios ingresos a Centros de Readaptaci\u00f3n Social tanto estatales como federales.<\/p>\n\n\n\n<p>La Fiscal\u00eda de Oaxaca trabaja en estrecha colaboraci\u00f3n con instituciones estatales y federales, para garantizar los resultados de la estrategia de seguridad p\u00fablica a favor de la ciudadan\u00eda.<\/p>\n","protected":false},"excerpt":{"rendered":"<p>Redacci\u00f3n\/Zona Roja. Oaxaca de Ju\u00e1rez, Oax., a 27 de abril de 2025.- Derivado de las&hellip;<\/p>\n","protected":false},"author":2,"featured_media":79771,"comment_status":"closed","ping_status":"open","sticky":false,"template":"","format":"standard","meta":{"_lmt_disableupdate":"","_lmt_disable":"","_jetpack_memberships_contains_paid_content":false,"footnotes":""},"categories":[109,46,47],"tags":[494],"class_list":["post-79770","post","type-post","status-publish","format-standard","has-post-thumbnail","hentry","category-minuto-a-minuto","category-zona-blanca","category-zona-gris","tag-fiscalia-general-del-estado-de-oaxaca"],"jetpack_featured_media_url":"https:\/\/zonaroja.com.mx\/wp-content\/uploads\/2025\/04\/Detenido-El-Jaguar-en-Istmo-Fiscalia.jpeg","jetpack_sharing_enabled":true,"_links":{"self":[{"href":"https:\/\/zonaroja.com.mx\/index.php?rest_route=\/wp\/v2\/posts\/79770","targetHints":{"allow":["GET"]}}],"collection":[{"href":"https:\/\/zonaroja.com.mx\/index.php?rest_route=\/wp\/v2\/posts"}],"about":[{"href":"https:\/\/zonaroja.com.mx\/index.php?rest_route=\/wp\/v2\/types\/post"}],"author":[{"embeddable":true,"href":"https:\/\/zonaroja.com.mx\/index.php?rest_route=\/wp\/v2\/users\/2"}],"replies":[{"embeddable":true,"href":"https:\/\/zonaroja.com.mx\/index.php?rest_route=%2Fwp%2Fv2%2Fcomments&post=79770"}],"version-history":[{"count":1,"href":"https:\/\/zonaroja.com.mx\/index.php?rest_route=\/wp\/v2\/posts\/79770\/revisions"}],"predecessor-version":[{"id":79772,"href":"https:\/\/zonaroja.com.mx\/index.php?rest_route=\/wp\/v2\/posts\/79770\/revisions\/79772"}],"wp:featuredmedia":[{"embeddable":true,"href":"https:\/\/zonaroja.com.mx\/index.php?rest_route=\/wp\/v2\/media\/79771"}],"wp:attachment":[{"href":"https:\/\/zonaroja.com.mx\/index.php?rest_route=%2Fwp%2Fv2%2Fmedia&parent=79770"}],"wp:term":[{"taxonomy":"category","embeddable":true,"href":"https:\/\/zonaroja.com.mx\/index.php?rest_route=%2Fwp%2Fv2%2Fcategories&post=79770"},{"taxonomy":"post_tag","embeddable":true,"href":"https:\/\/zonaroja.com.mx\/index.php?rest_route=%2Fwp%2Fv2%2Ftags&post=79770"}],"curies":[{"name":"wp","href":"https:\/\/api.w.org\/{rel}","templated":true}]}}