{"id":79773,"date":"2025-04-27T20:34:00","date_gmt":"2025-04-28T02:34:00","guid":{"rendered":"https:\/\/zonaroja.com.mx\/?p=79773"},"modified":"2025-04-27T20:34:01","modified_gmt":"2025-04-28T02:34:01","slug":"opinion-la-democracia-de-nuevo-a-prueba","status":"publish","type":"post","link":"https:\/\/zonaroja.com.mx\/?p=79773","title":{"rendered":"Opini\u00f3n. La democracia, (de nuevo) a prueba"},"content":{"rendered":"\n<p>Adri\u00e1n Ortiz Romero Cuevas&nbsp;<\/p>\n\n\n\n<p>Por momentos nos result\u00f3 hasta ociosa la palabra \u201cdemocracia\u201d, en todas las acepciones y formas de comprensi\u00f3n que genera dicho t\u00e9rmino. Luego de la tercera transici\u00f3n en M\u00e9xico, parece que echamos a dormir los estertores de la palabra y nos hemos ido acomodando (\u00bfresignando?) al regreso del r\u00e9gimen de partido hegem\u00f3nico. Pero cuando parec\u00eda que todo volv\u00eda al aburrimiento democr\u00e1tico que d\u00e9cadas perme\u00f3 en M\u00e9xico, nos encontramos con la elecci\u00f3n judicial.&nbsp;<\/p>\n\n\n\n<p>En efecto, a grandes rasgos, podr\u00edamos comprender que la democracia ocurre cuando el pueblo interviene directamente en la elecci\u00f3n de sus gobernantes, en la determinaci\u00f3n de su organizaci\u00f3n pol\u00edtica, y en ser el titular de las garant\u00edas, derechos, servicios y obligaciones que impone y presta el Estado. Todo eso podr\u00edamos entenderlo perfectamente. S\u00f3lo que eso ser\u00eda tanto como limitar los amplios alcances de la democracia, cuando \u00e9sta es comprendida en toda su magnitud.<\/p>\n\n\n\n<p>Tradicionalmente, a pueblos como el mexicano se nos ha sembrado la idea de que la democracia comienza y termina cuando el ciudadano com\u00fan se erige leg\u00edtima y posiblemente como votante, emite su sufragio y \u00e9ste cuenta de modo efectivo en la decisi\u00f3n colectiva de qui\u00e9nes ser\u00e1n los gobernantes para los a\u00f1os siguientes. Es, cierto, una forma b\u00e1sica y efectiva de hacer valer la intervenci\u00f3n popular en las decisiones del poder. Pero tambi\u00e9n es un concepto limitado, que lleva a naciones como la mexicana, a ciertas \u201cirresponsabilidades\u201d y desatenciones que redundan en atrasos.<\/p>\n\n\n\n<p>La democracia, se supone, es el voto; pero mucho m\u00e1s que \u00e9ste: democracia es que los gobernantes realicen sus gestiones p\u00fablicas cumpliendo cabalmente con los requerimientos de honradez, legalidad, transparencia y rendici\u00f3n de cuentas.&nbsp;<\/p>\n\n\n\n<p>No obstante, democracia es tambi\u00e9n que el ciudadano se involucre en la labor del gobierno. Puede hacerse desde la opini\u00f3n p\u00fablica, desde la generaci\u00f3n e impulso a la sociedad civil organizada; en la exigencia de claridad en la gesti\u00f3n gubernamental y en la b\u00fasqueda de que los poderes p\u00fablicos cumplan con sus deberes, y otorguen y respeten los derechos y servicios que est\u00e1n obligados a prestar a la poblaci\u00f3n.<\/p>\n\n\n\n<p>Hoy podr\u00edamos pensar que tenemos una democracia m\u00e1s s\u00f3lida, aunque en realidad nuevamente tenemos que poner a debate los conceptos que se supone que ya eran s\u00f3lidos y estables. Se supon\u00eda que ya ten\u00edamos una democracia mucho m\u00e1s s\u00f3lida, porque ya no exist\u00eda un partido hegem\u00f3nico (el PRI, aunque ahora existe Morena); tambi\u00e9n pens\u00e1bamos que las decisiones presidenciales sobre la sucesi\u00f3n ya no eran la ley implacable de antes (hasta que nos topamos con YSQ). Y as\u00ed podr\u00edamos seguir adelante. Nada volvi\u00f3 a ser como antes, aunque parece que s\u00ed. Y justo ah\u00ed fue donde nos topamos con la elecci\u00f3n del Poder Judicial.&nbsp;<\/p>\n\n\n\n<p>Hoy debemos preguntarnos si realmente estamos preparados para todo ello. Los primeros ejercicios de la democracia en la elecci\u00f3n judicial no parecen claros. Los candidatos no saben c\u00f3mo actuar; no tienen nada que ofrecer; y desde los sectores oficiales resuena la idea de que ya todo est\u00e1 anticipadamente decidido. Tenemos que repensar con mucha serenidad lo que ocurra el primer domingo de junio. Pero antes tenemos que ver qu\u00e9 pasa en mayo. Este ejercicio democr\u00e1tico, que puede ser calificado de hist\u00f3rico, tambi\u00e9n podr\u00eda terminar siendo tildado de catastr\u00f3fico.&nbsp;<\/p>\n\n\n\n<p>*Abogado y periodista.<\/p>\n\n\n\n<p>Nos leemos en&nbsp;http:\/\/columnaalmargen.mx<\/p>\n\n\n\n<p>@ortizromeroc<\/p>\n\n\n\n<p>@columnaalmargen&nbsp;<\/p>\n","protected":false},"excerpt":{"rendered":"<p>Adri\u00e1n Ortiz Romero Cuevas&nbsp; Por momentos nos result\u00f3 hasta ociosa la palabra \u201cdemocracia\u201d, en todas&hellip;<\/p>\n","protected":false},"author":2,"featured_media":67896,"comment_status":"closed","ping_status":"open","sticky":false,"template":"","format":"standard","meta":{"_lmt_disableupdate":"","_lmt_disable":"","_jetpack_memberships_contains_paid_content":false,"footnotes":""},"categories":[456,109],"tags":[2994],"class_list":["post-79773","post","type-post","status-publish","format-standard","has-post-thumbnail","hentry","category-columna","category-minuto-a-minuto","tag-adrian-ortiz-romero-cuevas"],"jetpack_featured_media_url":"https:\/\/zonaroja.com.mx\/wp-content\/uploads\/2024\/05\/Opinion-Adrian-Ortiz-Romero-Zona-Roja.jpeg","jetpack_sharing_enabled":true,"_links":{"self":[{"href":"https:\/\/zonaroja.com.mx\/index.php?rest_route=\/wp\/v2\/posts\/79773","targetHints":{"allow":["GET"]}}],"collection":[{"href":"https:\/\/zonaroja.com.mx\/index.php?rest_route=\/wp\/v2\/posts"}],"about":[{"href":"https:\/\/zonaroja.com.mx\/index.php?rest_route=\/wp\/v2\/types\/post"}],"author":[{"embeddable":true,"href":"https:\/\/zonaroja.com.mx\/index.php?rest_route=\/wp\/v2\/users\/2"}],"replies":[{"embeddable":true,"href":"https:\/\/zonaroja.com.mx\/index.php?rest_route=%2Fwp%2Fv2%2Fcomments&post=79773"}],"version-history":[{"count":1,"href":"https:\/\/zonaroja.com.mx\/index.php?rest_route=\/wp\/v2\/posts\/79773\/revisions"}],"predecessor-version":[{"id":79774,"href":"https:\/\/zonaroja.com.mx\/index.php?rest_route=\/wp\/v2\/posts\/79773\/revisions\/79774"}],"wp:featuredmedia":[{"embeddable":true,"href":"https:\/\/zonaroja.com.mx\/index.php?rest_route=\/wp\/v2\/media\/67896"}],"wp:attachment":[{"href":"https:\/\/zonaroja.com.mx\/index.php?rest_route=%2Fwp%2Fv2%2Fmedia&parent=79773"}],"wp:term":[{"taxonomy":"category","embeddable":true,"href":"https:\/\/zonaroja.com.mx\/index.php?rest_route=%2Fwp%2Fv2%2Fcategories&post=79773"},{"taxonomy":"post_tag","embeddable":true,"href":"https:\/\/zonaroja.com.mx\/index.php?rest_route=%2Fwp%2Fv2%2Ftags&post=79773"}],"curies":[{"name":"wp","href":"https:\/\/api.w.org\/{rel}","templated":true}]}}