{"id":79775,"date":"2025-04-28T07:36:57","date_gmt":"2025-04-28T13:36:57","guid":{"rendered":"https:\/\/zonaroja.com.mx\/?p=79775"},"modified":"2025-04-28T07:36:59","modified_gmt":"2025-04-28T13:36:59","slug":"velan-en-san-agustin-etla-para-resguardar-valvula-cerrada-que-surte-agua","status":"publish","type":"post","link":"https:\/\/zonaroja.com.mx\/?p=79775","title":{"rendered":"Velan en San Agust\u00edn, Etla, para resguardar v\u00e1lvula cerrada que surte agua"},"content":{"rendered":"\n<p>Ismael Garc\u00eda M.\/Zona Roja.<\/p>\n\n\n\n<p>Oaxaca de Ju\u00e1rez, Oax., a 28 de abril de 2025.- Tras determinar ayer la asamblea el cierre de v\u00e1lvulas para dejar de suministrar agua a la capital de Oaxaca, un grupo de pobladores de San Agust\u00edn, Etla, vel\u00f3 para evitar probable incursi\u00f3n policiaca o grupos de choque.<\/p>\n\n\n\n<p>Hasta esta ma\u00f1ana, contin\u00faa el resguardo del sitio en que se encuentra la llave y los habitantes de dicho municipio de la regi\u00f3n Valles Centrales, prev\u00e9 mantenerse en el lugar por tiempo indefinido.<\/p>\n\n\n\n<p>Ayer, la asamblea de la comunidad acord\u00f3 tomar esta medida, al considera que el gobierno estatal, a trav\u00e9s del organismo Sistema Operador de Agua Potable y Alcantarillado, no ha cumplido con diversos acuerdos.<\/p>\n\n\n\n<p>Pero adem\u00e1s, la autoridad estatal ha otorgado recursos financieros a los comuneros, sin tomar en cuenta a la asamblea y a la poblaci\u00f3n en general.<\/p>\n\n\n\n<p>Acusan que el Comisariado de Bienes Comunales firm\u00f3 un acuerdo con la autoridad estatal, sin dar cuenta de ello a la autoridad municipal de San Agust\u00edn, Etla.<\/p>\n\n\n\n<p>Ayer en una asamblea ciudadana, tomaron la determinaci\u00f3n de presionar al gobierno de Oaxaca para que aclare la situaci\u00f3n, de lo contrario, mantendr\u00e1n el \u201cplant\u00f3n\u201d, en la zona de la v\u00e1lvula.<\/p>\n\n\n\n<p>Actualmente, los manantiales de agua de San Agust\u00edn, Etla, representan aproximadamente el 80 por ciento del agua que se distribuye a los hogares de la ciudad de Oaxaca.<\/p>\n","protected":false},"excerpt":{"rendered":"<p>Ismael Garc\u00eda M.\/Zona Roja. Oaxaca de Ju\u00e1rez, Oax., a 28 de abril de 2025.- Tras&hellip;<\/p>\n","protected":false},"author":2,"featured_media":79776,"comment_status":"closed","ping_status":"open","sticky":false,"template":"","format":"standard","meta":{"_lmt_disableupdate":"","_lmt_disable":"","_jetpack_memberships_contains_paid_content":false,"footnotes":""},"categories":[109,47],"tags":[940],"class_list":["post-79775","post","type-post","status-publish","format-standard","has-post-thumbnail","hentry","category-minuto-a-minuto","category-zona-gris","tag-san-agustin-etla"],"jetpack_featured_media_url":"https:\/\/zonaroja.com.mx\/wp-content\/uploads\/2025\/04\/Planton-San-Agustin-Etla-valvula-agua.jpg","jetpack_sharing_enabled":true,"_links":{"self":[{"href":"https:\/\/zonaroja.com.mx\/index.php?rest_route=\/wp\/v2\/posts\/79775","targetHints":{"allow":["GET"]}}],"collection":[{"href":"https:\/\/zonaroja.com.mx\/index.php?rest_route=\/wp\/v2\/posts"}],"about":[{"href":"https:\/\/zonaroja.com.mx\/index.php?rest_route=\/wp\/v2\/types\/post"}],"author":[{"embeddable":true,"href":"https:\/\/zonaroja.com.mx\/index.php?rest_route=\/wp\/v2\/users\/2"}],"replies":[{"embeddable":true,"href":"https:\/\/zonaroja.com.mx\/index.php?rest_route=%2Fwp%2Fv2%2Fcomments&post=79775"}],"version-history":[{"count":1,"href":"https:\/\/zonaroja.com.mx\/index.php?rest_route=\/wp\/v2\/posts\/79775\/revisions"}],"predecessor-version":[{"id":79777,"href":"https:\/\/zonaroja.com.mx\/index.php?rest_route=\/wp\/v2\/posts\/79775\/revisions\/79777"}],"wp:featuredmedia":[{"embeddable":true,"href":"https:\/\/zonaroja.com.mx\/index.php?rest_route=\/wp\/v2\/media\/79776"}],"wp:attachment":[{"href":"https:\/\/zonaroja.com.mx\/index.php?rest_route=%2Fwp%2Fv2%2Fmedia&parent=79775"}],"wp:term":[{"taxonomy":"category","embeddable":true,"href":"https:\/\/zonaroja.com.mx\/index.php?rest_route=%2Fwp%2Fv2%2Fcategories&post=79775"},{"taxonomy":"post_tag","embeddable":true,"href":"https:\/\/zonaroja.com.mx\/index.php?rest_route=%2Fwp%2Fv2%2Ftags&post=79775"}],"curies":[{"name":"wp","href":"https:\/\/api.w.org\/{rel}","templated":true}]}}