{"id":79778,"date":"2025-04-28T08:15:00","date_gmt":"2025-04-28T14:15:00","guid":{"rendered":"https:\/\/zonaroja.com.mx\/?p=79778"},"modified":"2025-04-28T08:04:08","modified_gmt":"2025-04-28T14:04:08","slug":"asesinan-a-otra-mujer-ahora-en-la-region-cuenca-de-oaxaca","status":"publish","type":"post","link":"https:\/\/zonaroja.com.mx\/?p=79778","title":{"rendered":"Asesinan a otra mujer, ahora en la regi\u00f3n Cuenca de Oaxaca"},"content":{"rendered":"\n<p>Raymundo Morales\/Zona Roja.<\/p>\n\n\n\n<p>Oaxaca de Ju\u00e1rez, Oax., a 28 de febrero de 2025.- Otra mujer fue asesinada en Oaxaca y ahora ocurri\u00f3 en San Miguel Soyaltepec, municipio de la regi\u00f3n Cuenca del Papaloapan.<\/p>\n\n\n\n<p>De manera preliminar la v\u00edctima fue identificada como Karla L., de 31 a\u00f1os de edad, quien fue ultimada por disparos de arma de fuego este domingo.<\/p>\n\n\n\n<p>De acuerdo con reportes policiacos preliminares, la joven se encontraba vacacionando en dicha demarcaci\u00f3n, conocida tambi\u00e9n como Temascal, cuando fue asesinada.<\/p>\n\n\n\n<p>A\u00fan se desconoce qui\u00e9n o qui\u00e9nes perpetraron el crimen y la Vicefiscal\u00eda Regional de la Cuenca, que depende de la Fiscal\u00eda General del Estado de Oaxaca, inici\u00f3 las investigaciones bajo los protocolos de feminicidio.<\/p>\n\n\n\n<p>Cabe recordar que apenas el pasado jueves, otra joven fue asesinada en su domicilio, en el municipio de Huajuapan de Le\u00f3n, cuyo crimen los perpetradores quisieron hacer pasar como suicidio.<\/p>\n\n\n\n<p>La v\u00edctima, identificada como Hanna L\u00ed, de 19 a\u00f1os de edad, era integrante del Cabildo juvenil y el a\u00f1o pasado fue representante de un concurso de belleza en la expoferia anual.<\/p>\n\n\n\n<p>Tambi\u00e9n, el pasado 17 de abril, otra mujer fue acribillada a balazos en la localidad de Tijaltepec, del municipio de Santiago Pinotepa Nacional; otro probable feminicidio ocurri\u00f3 el 15 de abril en Teutepec, Santos Reyes Nopala.<\/p>\n\n\n\n<p>Asimismo, el d\u00eda 13 de abril en San Jos\u00e9 Lachiguiri, Miahuatl\u00e1n; el 9 de abril en San Pablo, Etla, con el caso de una adolescente, y el 1 de abril, una mujer hallada sin vida y con huellas de violencia en Santiago Jamiltepec.<\/p>\n","protected":false},"excerpt":{"rendered":"<p>Raymundo Morales\/Zona Roja. Oaxaca de Ju\u00e1rez, Oax., a 28 de febrero de 2025.- Otra mujer&hellip;<\/p>\n","protected":false},"author":2,"featured_media":74063,"comment_status":"closed","ping_status":"open","sticky":false,"template":"","format":"standard","meta":{"_lmt_disableupdate":"","_lmt_disable":"","_jetpack_memberships_contains_paid_content":false,"footnotes":""},"categories":[109,51],"tags":[1037],"class_list":["post-79778","post","type-post","status-publish","format-standard","has-post-thumbnail","hentry","category-minuto-a-minuto","category-zona-roja","tag-san-miguel-soyaltepec"],"jetpack_featured_media_url":"https:\/\/zonaroja.com.mx\/wp-content\/uploads\/2024\/11\/Feminicidio-asesinato-mujer.jpg","jetpack_sharing_enabled":true,"_links":{"self":[{"href":"https:\/\/zonaroja.com.mx\/index.php?rest_route=\/wp\/v2\/posts\/79778","targetHints":{"allow":["GET"]}}],"collection":[{"href":"https:\/\/zonaroja.com.mx\/index.php?rest_route=\/wp\/v2\/posts"}],"about":[{"href":"https:\/\/zonaroja.com.mx\/index.php?rest_route=\/wp\/v2\/types\/post"}],"author":[{"embeddable":true,"href":"https:\/\/zonaroja.com.mx\/index.php?rest_route=\/wp\/v2\/users\/2"}],"replies":[{"embeddable":true,"href":"https:\/\/zonaroja.com.mx\/index.php?rest_route=%2Fwp%2Fv2%2Fcomments&post=79778"}],"version-history":[{"count":1,"href":"https:\/\/zonaroja.com.mx\/index.php?rest_route=\/wp\/v2\/posts\/79778\/revisions"}],"predecessor-version":[{"id":79779,"href":"https:\/\/zonaroja.com.mx\/index.php?rest_route=\/wp\/v2\/posts\/79778\/revisions\/79779"}],"wp:featuredmedia":[{"embeddable":true,"href":"https:\/\/zonaroja.com.mx\/index.php?rest_route=\/wp\/v2\/media\/74063"}],"wp:attachment":[{"href":"https:\/\/zonaroja.com.mx\/index.php?rest_route=%2Fwp%2Fv2%2Fmedia&parent=79778"}],"wp:term":[{"taxonomy":"category","embeddable":true,"href":"https:\/\/zonaroja.com.mx\/index.php?rest_route=%2Fwp%2Fv2%2Fcategories&post=79778"},{"taxonomy":"post_tag","embeddable":true,"href":"https:\/\/zonaroja.com.mx\/index.php?rest_route=%2Fwp%2Fv2%2Ftags&post=79778"}],"curies":[{"name":"wp","href":"https:\/\/api.w.org\/{rel}","templated":true}]}}