{"id":79780,"date":"2025-04-28T09:15:00","date_gmt":"2025-04-28T15:15:00","guid":{"rendered":"https:\/\/zonaroja.com.mx\/?p=79780"},"modified":"2025-04-28T08:17:11","modified_gmt":"2025-04-28T14:17:11","slug":"presidenta-de-xoxocotlan-rinde-informe-de-100-dias-destaca-avances","status":"publish","type":"post","link":"https:\/\/zonaroja.com.mx\/?p=79780","title":{"rendered":"Presidenta de Xoxocotl\u00e1n rinde informe de 100 d\u00edas; destaca avances"},"content":{"rendered":"\n<p>Redacci\u00f3n\/Zona Roja.<\/p>\n\n\n\n<p>Oaxaca de Ju\u00e1rez, Oax., a 28 de abril de 2025. Con un mensaje de compromiso y cercan\u00eda con la ciudadan\u00eda, la presidenta municipal de Santa Cruz Xoxocotl\u00e1n, Nancy Ben\u00edtez Z\u00e1rate, present\u00f3 su informe de resultados a 100 d\u00edas de haber asumido el cargo, donde expuso los principales logros alcanzados en este primer tramo de su administraci\u00f3n.<\/p>\n\n\n\n<p>Durante su intervenci\u00f3n, la edil agradeci\u00f3 el trabajo y apoyo de su Cabildo, al subrayar que desde el primer d\u00eda se ha trabajado para dar respuesta a las demandas m\u00e1s sentidas de la poblaci\u00f3n.<\/p>\n\n\n\n<p>\u00abHoy puedo decir que estamos cumpliendo; que estamos avanzando por el bien de nuestro municipio\u00bb, afirm\u00f3.<\/p>\n\n\n\n<p>Al evento asistieron el Gobernador del Estado de Oaxaca, Salom\u00f3n Jara Cruz; la presidenta honoraria del DIF Oaxaca, Irma Bola\u00f1os Quijano; Natividad D\u00edaz Jim\u00e9nez, presidenta de la Mesa Directiva del Congreso del Estado, Luis Alfonso Silva Romo, senador de la Rep\u00fablica; Laura Estrada Mauro, senadora de la Rep\u00fablica; adem\u00e1s de diputadas y diputados locales y secretarios de Estado.&nbsp;<\/p>\n\n\n\n<p>Entre los logros destacados, mencion\u00f3 las acciones inmediatas de bacheo en calles principales, como parte del programa Tache al Bache, realizado en coordinaci\u00f3n con el Gobierno del estado, as\u00ed como la puesta en marcha de un programa permanente de recolecci\u00f3n de basura que ha permitido mejorar las condiciones de limpieza en diversos sectores de la demarcaci\u00f3n.<\/p>\n\n\n\n<p>\u201cRescatamos el Centro de Desarrollo Comunitario Las Mariposas, en donde hab\u00eda tres mil toneladas de basura, recuperando un espacio que por mucho tiempo fue el claro ejemplo del desinter\u00e9s, la indolencia y el olvido de administraciones pasadas\u201d, dijo.<\/p>\n\n\n\n<p>La presidenta municipal tambi\u00e9n hizo \u00e9nfasis en las acciones emprendidas en materia de seguridad p\u00fablica. Inform\u00f3 sobre la capacitaci\u00f3n y equipamiento de los polic\u00edas municipales, adem\u00e1s de la adquisici\u00f3n de patrullas, con el objetivo de fortalecer la presencia y la capacidad de respuesta de la polic\u00eda municipal.<\/p>\n\n\n\n<p>\u00abLa seguridad de las familias de Xoxocotl\u00e1n es y seguir\u00e1 siendo una prioridad para este gobierno\u00bb, puntualiz\u00f3.<\/p>\n\n\n\n<p>Adem\u00e1s, con recursos municipales y para mejorar el flujo vehicular, destac\u00f3 la instalaci\u00f3n de dos arcos de seguridad; uno en la avenida \u201cYuku ndika\u00b4a\u201d que significa \u201cCerro del Jaguar\u201d y el otro en el boulevard Nuu nita nuu yoo, que significa \u201cLlano de flores, cara de luna\u201d, ambos vocablos en Mixteco.<\/p>\n\n\n\n<figure class=\"wp-block-embed is-type-rich is-provider-twitter wp-block-embed-twitter\"><div class=\"wp-block-embed__wrapper\">\n<div class=\"twitter-tweet\"><blockquote class=\"twitter-tweet\" data-lang=\"es\"><p lang=\"es\" dir=\"ltr\">Ante un parque principal repleto de pobladores de Santa Cruz Xoxocotl\u00e1n, la presidenta municipal <a href=\"https:\/\/twitter.com\/Nancy_Benitez_?ref_src=twsrc%5Etfw\">@Nancy_Benitez_<\/a> rinde esta tarde su informe de 100 d\u00edas de labores. <br><br>En ese marco, recibi\u00f3 del <a href=\"https:\/\/twitter.com\/CongresoOaxaca_?ref_src=twsrc%5Etfw\">@CongresoOaxaca_<\/a> el decreto que formaliza la designaci\u00f3n de ciudad a la demarcaci\u00f3n.\u2026 <a href=\"https:\/\/t.co\/dyyFHAHm4v\">pic.twitter.com\/dyyFHAHm4v<\/a><\/p>&mdash; Zona Roja Oaxaca (@ZonaRoja_Oaxaca) <a href=\"https:\/\/twitter.com\/ZonaRoja_Oaxaca\/status\/1916658041593692527?ref_src=twsrc%5Etfw\">28 de abril de 2025<\/a><\/blockquote><\/div>\n<\/div><\/figure>\n\n\n\n<p>En el \u00e1mbito social, Ben\u00edtez Z\u00e1rate habl\u00f3 de la reactivaci\u00f3n de programas de apoyo alimentario y asistencia social, particularmente enfocados en adultos mayores, personas con discapacidad y madres solteras.<\/p>\n\n\n\n<p>Agradeci\u00f3 al gobernador del Estado, la donaci\u00f3n de un terreno de m\u00e1s de tres mil metros cuadrados en la cabecera municipal, donde se construir\u00e1 el tan anhelado Centro de Salud con Servicios Ampliados (CESSA), una obra hist\u00f3rica que garantizar\u00e1 atenci\u00f3n m\u00e9dica de calidad para miles de familias xoxe\u00f1as.<\/p>\n\n\n\n<p>Respecto a la educaci\u00f3n, la presidenta inform\u00f3 que su administraci\u00f3n ha gestionado recursos para la mejora de instalaciones escolares, adem\u00e1s de entregar apoyos en especie, como mobiliario y material did\u00e1ctico, a escuelas de nivel b\u00e1sico.<\/p>\n\n\n\n<p>Ben\u00edtez Z\u00e1rate reiter\u00f3 que, a pesar de las limitaciones presupuestales, su gobierno mantiene un manejo responsable y transparente de los recursos p\u00fablicos.<\/p>\n\n\n\n<p>\u00abLa confianza de la gente no se traiciona; cada peso que administra este gobierno tiene como destino el bienestar de nuestra comunidad\u00bb, se\u00f1al\u00f3.<\/p>\n\n\n\n<p>Finalmente, la edil convoc\u00f3 a la ciudadan\u00eda a seguir trabajando de la mano con su gobierno, destacando que la participaci\u00f3n de la poblaci\u00f3n es fundamental para lograr un verdadero cambio en Xoxocotl\u00e1n.<\/p>\n\n\n\n<p>\u00abEstos primeros 100 d\u00edas son solo el comienzo. Tenemos la firme determinaci\u00f3n de hacer de nuestro municipio un mejor lugar para vivir\u00bb, concluy\u00f3.<\/p>\n\n\n\n<p>El acto de rendici\u00f3n de cuentas concluy\u00f3 en un ambiente de cercan\u00eda y di\u00e1logo, con la participaci\u00f3n de habitantes del municipio que reconocieron la apertura del actual gobierno y su disposici\u00f3n para escuchar y atender las necesidades de la poblaci\u00f3n.<\/p>\n\n\n\n<figure class=\"wp-block-embed is-type-rich is-provider-twitter wp-block-embed-twitter\"><div class=\"wp-block-embed__wrapper\">\n<div class=\"twitter-tweet\"><blockquote class=\"twitter-tweet\" data-lang=\"es\"><p lang=\"es\" dir=\"ltr\">En respaldo a las acciones que se emprenden en Santa Cruz Xoxocotl\u00e1n, el gobernador <a href=\"https:\/\/twitter.com\/salomonj?ref_src=twsrc%5Etfw\">@salomonj<\/a> estuvo presente en el informe de 100 d\u00edas de labores que rindi\u00f3 la tarde de hoy la presidenta municipal <a href=\"https:\/\/twitter.com\/Nancy_Benitez_?ref_src=twsrc%5Etfw\">@Nancy_Benitez_<\/a>. <a href=\"https:\/\/t.co\/m9UwVesZ68\">pic.twitter.com\/m9UwVesZ68<\/a><\/p>&mdash; Zona Roja Oaxaca (@ZonaRoja_Oaxaca) <a href=\"https:\/\/twitter.com\/ZonaRoja_Oaxaca\/status\/1916684567781458347?ref_src=twsrc%5Etfw\">28 de abril de 2025<\/a><\/blockquote><\/div>\n<\/div><\/figure>\n","protected":false},"excerpt":{"rendered":"<p>Redacci\u00f3n\/Zona Roja. Oaxaca de Ju\u00e1rez, Oax., a 28 de abril de 2025. Con un mensaje&hellip;<\/p>\n","protected":false},"author":2,"featured_media":79784,"comment_status":"closed","ping_status":"open","sticky":false,"template":"","format":"standard","meta":{"_lmt_disableupdate":"","_lmt_disable":"","_jetpack_memberships_contains_paid_content":false,"footnotes":""},"categories":[109,46],"tags":[133],"class_list":["post-79780","post","type-post","status-publish","format-standard","has-post-thumbnail","hentry","category-minuto-a-minuto","category-zona-blanca","tag-santa-cruz-xoxocotlan"],"jetpack_featured_media_url":"https:\/\/zonaroja.com.mx\/wp-content\/uploads\/2025\/04\/INFORME-3.jpg","jetpack_sharing_enabled":true,"_links":{"self":[{"href":"https:\/\/zonaroja.com.mx\/index.php?rest_route=\/wp\/v2\/posts\/79780","targetHints":{"allow":["GET"]}}],"collection":[{"href":"https:\/\/zonaroja.com.mx\/index.php?rest_route=\/wp\/v2\/posts"}],"about":[{"href":"https:\/\/zonaroja.com.mx\/index.php?rest_route=\/wp\/v2\/types\/post"}],"author":[{"embeddable":true,"href":"https:\/\/zonaroja.com.mx\/index.php?rest_route=\/wp\/v2\/users\/2"}],"replies":[{"embeddable":true,"href":"https:\/\/zonaroja.com.mx\/index.php?rest_route=%2Fwp%2Fv2%2Fcomments&post=79780"}],"version-history":[{"count":1,"href":"https:\/\/zonaroja.com.mx\/index.php?rest_route=\/wp\/v2\/posts\/79780\/revisions"}],"predecessor-version":[{"id":79785,"href":"https:\/\/zonaroja.com.mx\/index.php?rest_route=\/wp\/v2\/posts\/79780\/revisions\/79785"}],"wp:featuredmedia":[{"embeddable":true,"href":"https:\/\/zonaroja.com.mx\/index.php?rest_route=\/wp\/v2\/media\/79784"}],"wp:attachment":[{"href":"https:\/\/zonaroja.com.mx\/index.php?rest_route=%2Fwp%2Fv2%2Fmedia&parent=79780"}],"wp:term":[{"taxonomy":"category","embeddable":true,"href":"https:\/\/zonaroja.com.mx\/index.php?rest_route=%2Fwp%2Fv2%2Fcategories&post=79780"},{"taxonomy":"post_tag","embeddable":true,"href":"https:\/\/zonaroja.com.mx\/index.php?rest_route=%2Fwp%2Fv2%2Ftags&post=79780"}],"curies":[{"name":"wp","href":"https:\/\/api.w.org\/{rel}","templated":true}]}}