{"id":79786,"date":"2025-04-28T10:00:00","date_gmt":"2025-04-28T16:00:00","guid":{"rendered":"https:\/\/zonaroja.com.mx\/?p=79786"},"modified":"2025-05-12T05:18:47","modified_gmt":"2025-05-12T11:18:47","slug":"opinion-la-revancha-y-el-regreso-de-los-neomorenistas-murat","status":"publish","type":"post","link":"https:\/\/zonaroja.com.mx\/?p=79786","title":{"rendered":"Opini\u00f3n. La revancha y el regreso de los neomorenistas Murat"},"content":{"rendered":"\n<p>Ismael Garc\u00eda M.\/Zona Roja.<\/p>\n\n\n\n<p>Oaxaca de Ju\u00e1rez, Oax., a 28 de abril de 2025.- Hastiados de que continuamente se les se\u00f1ale de corrupci\u00f3n \u2014pese a los hechos\u2014, los Murat, ahora santificados por Morena, preparan su regreso pol\u00edtico a Oaxaca.<\/p>\n\n\n\n<p>Ser\u00e1 la revancha, pues aun conservan cotos de poder en el estado, a trav\u00e9s del Partido Verde Ecologista, con piezas como Ra\u00fal Bola\u00f1os Cacho Cu\u00e9, Alejandro Avil\u00e9s, Eduardo Murat Hinojosa, Samuel Gurri\u00f3n, Jos\u00e9 Antonio Estefan Gillessen, entre otros.<\/p>\n\n\n\n<p>Alejandro Murat Hinojosa se siente engallado, ante el manto protector que le sigue extendiendo Andr\u00e9s Manuel L\u00f3pez Obrador, ahora v\u00eda su hijo Andr\u00e9s L\u00f3pez Beltr\u00e1n, cuya favoritismo debe aceptar la Presidenta Claudia Sheinbaum.<\/p>\n\n\n\n<p>\u00bfCu\u00e1les acusaciones de nepotismo, corrupci\u00f3n, desv\u00edo de recursos, obras inconclusas de montos multimillonarios? \u00bfCu\u00e1les se\u00f1alamientos a su paso por el Infonavit? \u00bfCu\u00e1l \u201cC\u00e1rtel del despojo\u201d?<\/p>\n\n\n\n<p>No hay, no se ve por ning\u00fan lago que prosperen judicialmente los se\u00f1alamientos por parte del gobierno de Salom\u00f3n Jara Cruz.<\/p>\n\n\n\n<p>Mientras tanto el mentor, Jos\u00e9 Murat Casab, se sabe impune y desde su cuarto de guerra en la Ciudad de M\u00e9xico, prepara a sus \u201ccachorros\u201d para la guerra pol\u00edtica que viene y mueve los hilos de sus piezas verdeecologistas&nbsp;<\/p>\n\n\n\n<p>BATALLA GANADA<\/p>\n\n\n\n<p>La m\u00e1s reciente batalla ganada por los Murat es el desechamiento por parte de la Comisi\u00f3n de Honestidad y Justicia de Morena a la petici\u00f3n del comit\u00e9 estatal del partido guinda en Oaxaca, respecto a la afiliaci\u00f3n de Alejandro.<\/p>\n\n\n\n<p>D\u00e9bil, sin rumbo ni liderazgo, los morenistas en Oaxaca creyeron que a nivel nacional ocurrir\u00eda lo mismo que sucedi\u00f3 con Miguel \u00c1ngel Yunes, a quien le fue rechazada su petici\u00f3n de ser formalmente morenista.<\/p>\n\n\n\n<p>Pero la dirigencia que encabeza Emmanuel Navarro Jara, elabor\u00f3 una solicitud con escasos argumentos que, aunque fueron respaldados medi\u00e1ticamente por el gobernador Salom\u00f3n Jara Cruz y otros actores pol\u00edticos, incluyendo algunos senadores oaxaque\u00f1os, simplemente no prosper\u00f3.<\/p>\n\n\n\n<p>La raz\u00f3n es que sigue pesando el apellido Murat con los morenistas y con L\u00f3pez Obrador; el ex presidente de M\u00e9xico sigue agradecido porque le entregaron el estado de Oaxaca, al inmovilizar al PRI; y antes, tuvo un fuerte respaldo como candidato a Presidente de M\u00e9xico.<\/p>\n\n\n\n<p>El precio no import\u00f3: as\u00ed haya sido otorgar una patente de impunidad contra todo lo que hizo Murat Hinojosa, como las supuestas megaobras inconclusas \u2014que ya se han citado en \u00e9ste y otros espacios\u2014 como el auditorio de Huatulco, el centro cultural de la capital, la avenida S\u00edmbolos Patrios, la pavimentaci\u00f3n de las riberas del r\u00edo \u201cAtoyac\u201d, con inversiones exorbitantes.<\/p>\n\n\n\n<p>(Lea, por cierto, al analista Juan P\u00e9rez Audelo, en su columna \u201cDe paradojas y utop\u00edas\u201d, este domingo: <a href=\"https:\/\/oaxpress.info\/obras-inconclusas-afrenta-publica\/\">https:\/\/oaxpress.info\/obras-inconclusas-afrenta-publica\/<\/a>).&nbsp;<\/p>\n\n\n\n<p>O las cientos o miles de plazas laborales otorgadas, los fiats notariales, las concesiones para unidades del transporte del servicio p\u00fablico y mucho m\u00e1s, todo lo cual qued\u00f3 borrado de un plumazo al convertirse Murat en morenista.<\/p>\n\n\n\n<p>El comit\u00e9 estatal de Morena recurri\u00f3 al Tribunal Electoral del Poder Judicial de la Federaci\u00f3n, en su sala Xalapa, pero de antemano saben que tambi\u00e9n es otra batalla perdida.<\/p>\n\n\n\n<p>Ya Murat Hinojosa se los hab\u00eda advertido desde antes:<\/p>\n\n\n\n<p>\u00abA ver, a ver, quiero dejar muy claro, a m\u00ed me han tratado de poca madre aqu\u00ed en Morena. Ni para atr\u00e1s ni para agarrar vuelito, as\u00ed que no se me hagan bolas. Yo aqu\u00ed estoy a favor de la presidenta Claudia Sheinbaum y a favor de M\u00e9xico. Los que tengan la piel delgada, si no pueden que se hagan a un lado\u00bb, dijo entrevistado en Tabasco en febrero pasado, tierra por cierto de L\u00f3pez Obrador.<\/p>\n\n\n\n<p>LOS ALIADOS<\/p>\n\n\n\n<p>As\u00ed que con ese respaldo, se prepara para el choque entre neomorenistas con morenistas de cepa en Oaxaca y para ello ha hecho varias alianzas.<\/p>\n\n\n\n<p>Una de ellas fue hecha p\u00fablica \u2014y no es casualidad como tampoco una invitaci\u00f3n a un evento \u201ccultural\u201d\u2014 el 2 de abril, en que Alejandro Murat fue invitado a la inauguraci\u00f3n de una exposici\u00f3n istme\u00f1a en el Senado de la Rep\u00fablica.<\/p>\n\n\n\n<p>Y ah\u00ed estaban ni m\u00e1s ni menos que Luisa Cort\u00e9s Garc\u00eda, distanciada del poder estatal morenista en Oaxaca y quien lleg\u00f3 al Senado respaldada por L\u00f3pez Obrador.<\/p>\n\n\n\n<p>Pr\u00e1cticamente desde que dej\u00f3 la curul local y quien fue la primera dirigente estatal de Morena, no ha vuelto a la entidad, pero desde la Ciudad de M\u00e9xico ya teje sus alianzas.<\/p>\n\n\n\n<p>Otra es Susana Harp Iturribarr\u00eda, tambi\u00e9n beneficiada por L\u00f3pez Obrador en dos ocasiones y metida como ariete, en el pasado proceso electoral gubernamental, para presionar a Jara Cruz. Hoy de nuevo busca alianzas, y con Concepci\u00f3n Rueda G\u00f3mez, la ex panista, ya est\u00e1 cimentando su regreso a la batalla electoral.<\/p>\n\n\n\n<p>\u201cPorque hoy volvemos a compartir con el mundo nuestra grandeza cultural. Paisanos y paisanas, Luisa, me honra mucho estar aqu\u00ed, para reiterar que Oaxaca es grande y es por su gente\u2026 Es tiempo una vez m\u00e1s de celebrar y de compartir la grandeza de Oaxaca\u201d, dijo Murat ante ellas, el pasado 2 de abril, reuni\u00f3n en que por cierto estuvo otra ex perredista y morenista destacada, Laura Itzel Castillo.<\/p>\n\n\n\n<p>L\u00cdOS INTERNOS<\/p>\n\n\n\n<p>Y los conflictos internos en el gabinete de Jara Cruz no abonan en absoluto para ese escenario, pues desde hace m\u00e1s de un a\u00f1o la guerra intestina por suceder al gobernador ha dejado saldos fatales.<\/p>\n\n\n\n<p>S\u00ed, es cierto, los detractores del gobierno crecen, principalmente en redes sociales, pero muchos son alentados desde palaciegas oficinas, en contra de sus propios compa\u00f1eros.<\/p>\n\n\n\n<p>Literalmente hay un canibalismo en aras de conseguir la nominaci\u00f3n para ser candidato o candidata, al pr\u00f3ximo bienio gubernamental y el pr\u00f3ximo sexenio y muchas voces han se\u00f1alado a Jes\u00fas Romero L\u00f3pez, uno de los interesados, en alentar la guerra intestina.<\/p>\n\n\n\n<p>\u00bfEl factor Benjam\u00edn Robles? Cada vez m\u00e1s disminuido, lo \u00fanico que le queda es hacer ruido medi\u00e1tico; en los pr\u00f3ximos comicios y sin Morena, no tiene absoluta fuerza para enfrentar a los morenistas; pero s\u00ed har\u00e1 alianza con los Murat, como ya lo ha hecho, para ganar terreno.<\/p>\n\n\n\n<p>\u00bfEl factor Armando Contreras Castillo? El ex ulisista y ex priista, no tiene las tablas para un cargo de relevancia en Oaxaca, pues siempre ha estado distanciado de la gente.<\/p>\n\n\n\n<p>Su \u00fanico respaldo es con el ya muy minado Grupo \u201cNoticias\u201d, con Ericel G\u00f3mez a la cabeza y cuyo medio informativo est\u00e1 en v\u00edas de desaparecer. Ni con el cargo de director del Instituto Nacional para la Educaci\u00f3n de los Adultos, Contreras Castillo podr\u00e1 crecer para hacer frente a los morenistas de los Jara, pero unidos todos, har\u00e1n un fuerte bloque.<\/p>\n\n\n\n<p>Morenistas contra morenistas: hace muchos meses advertimos en este mismo espacio que las nuevas adquisiciones de Morena, se\u00f1aladas de corrupci\u00f3n, ser\u00edan la punta de lanza para la divisi\u00f3n en el partido guinda. Y para la disputa, palmo a palmo, del poder, como ya se comenz\u00f3 a reflejar este a\u00f1o.<\/p>\n","protected":false},"excerpt":{"rendered":"<p>Ismael Garc\u00eda M.\/Zona Roja. Oaxaca de Ju\u00e1rez, Oax., a 28 de abril de 2025.- Hastiados&hellip;<\/p>\n","protected":false},"author":2,"featured_media":67529,"comment_status":"closed","ping_status":"open","sticky":false,"template":"","format":"standard","meta":{"_lmt_disableupdate":"","_lmt_disable":"","_jetpack_memberships_contains_paid_content":false,"footnotes":""},"categories":[456,109,48],"tags":[1353],"class_list":["post-79786","post","type-post","status-publish","format-standard","has-post-thumbnail","hentry","category-columna","category-minuto-a-minuto","category-zona-critica","tag-opinion-zona-critica"],"jetpack_featured_media_url":"https:\/\/zonaroja.com.mx\/wp-content\/uploads\/2024\/04\/Opinion-Zona-Critica-Ismael-Garcia.jpg","jetpack_sharing_enabled":true,"_links":{"self":[{"href":"https:\/\/zonaroja.com.mx\/index.php?rest_route=\/wp\/v2\/posts\/79786","targetHints":{"allow":["GET"]}}],"collection":[{"href":"https:\/\/zonaroja.com.mx\/index.php?rest_route=\/wp\/v2\/posts"}],"about":[{"href":"https:\/\/zonaroja.com.mx\/index.php?rest_route=\/wp\/v2\/types\/post"}],"author":[{"embeddable":true,"href":"https:\/\/zonaroja.com.mx\/index.php?rest_route=\/wp\/v2\/users\/2"}],"replies":[{"embeddable":true,"href":"https:\/\/zonaroja.com.mx\/index.php?rest_route=%2Fwp%2Fv2%2Fcomments&post=79786"}],"version-history":[{"count":1,"href":"https:\/\/zonaroja.com.mx\/index.php?rest_route=\/wp\/v2\/posts\/79786\/revisions"}],"predecessor-version":[{"id":79787,"href":"https:\/\/zonaroja.com.mx\/index.php?rest_route=\/wp\/v2\/posts\/79786\/revisions\/79787"}],"wp:featuredmedia":[{"embeddable":true,"href":"https:\/\/zonaroja.com.mx\/index.php?rest_route=\/wp\/v2\/media\/67529"}],"wp:attachment":[{"href":"https:\/\/zonaroja.com.mx\/index.php?rest_route=%2Fwp%2Fv2%2Fmedia&parent=79786"}],"wp:term":[{"taxonomy":"category","embeddable":true,"href":"https:\/\/zonaroja.com.mx\/index.php?rest_route=%2Fwp%2Fv2%2Fcategories&post=79786"},{"taxonomy":"post_tag","embeddable":true,"href":"https:\/\/zonaroja.com.mx\/index.php?rest_route=%2Fwp%2Fv2%2Ftags&post=79786"}],"curies":[{"name":"wp","href":"https:\/\/api.w.org\/{rel}","templated":true}]}}